


{"id":1766,"date":"2017-12-28T10:49:14","date_gmt":"2017-12-28T10:49:14","guid":{"rendered":"https:\/\/www.carlsuchy.com\/?p=1766"},"modified":"2017-12-28T10:52:30","modified_gmt":"2017-12-28T10:52:30","slug":"mit-der-waltz-ins-neue-jahr","status":"publish","type":"post","link":"https:\/\/www.carlsuchy.com\/de\/mit-der-waltz-ins-neue-jahr\/","title":{"rendered":"MIT DER WALTZ INS NEUE JAHR"},"content":{"rendered":"<p class=\"p1\"><span class=\"s1\">Carl Suchy &amp; S\u00f6hne blickt auf ein ereignisreiches Jahr 2017 zur\u00fcck: Nach dem erfolgreichen Relaunch Anfang des Jahres und einer ausverkauften ersten Serie, feiert Carl Suchy &amp; S\u00f6hne Weihnachten nun mit der neuen limitierten Serie von insgesamt 50 handgefertigten Waltz N\u00b01. Die exklusiven Zeitmesser wurden von Uhrmachermeister Marc Jenni in siebenmonatiger Feinarbeit produziert und sind ab sofort in unserem\u00a0<a href=\"https:\/\/www.carlsuchy.com\/products\"><span class=\"s2\">Online-Shop<\/span><\/a>\u00a0erh\u00e4ltlich.<\/span><\/p>\n<p class=\"p3\"><span class=\"s3\">Eine weitere gro\u00dfe Bescherung gab es bei Carl Suchy &amp; S\u00f6hne letzte Woche: Beim feierlichen Weihnachtsempfang im Wiener Looshaus verzauberte die transdiziplin\u00e4re K\u00fcnstlerin und \u201eZeit-Architektin&#8220; Vesna Petresin aus London mit ihrer eigens f\u00fcr Suchy kreierten Performance die erlesene G\u00e4steschar und die Wiener Band \u201eThe Mauvais Gar\u00e7ons&#8220; unterhielt mit swingenden Melodien die erlesene G\u00e4steschar.<\/span><\/p>\n<p><span class=\"s3\">Carl Suchy &amp; S\u00f6hne w\u00fcnscht Ihnen und Ihrer Familie besinnliche Feiertage und viel Erfolg, Gl\u00fcck und Gesundheit im neuen Jahr!<\/span><\/p>\n","protected":false},"excerpt":{"rendered":"<p>Carl Suchy &amp; S\u00f6hne blickt auf ein ereignisreiches Jahr 2017 zur\u00fcck: Nach dem erfolgreichen Relaunch Anfang des Jahres und einer ausverkauften ersten Serie, feiert Carl Suchy &amp; S\u00f6hne Weihnachten nun mit der neuen limitierten Serie von insgesamt 50 handgefertigten Waltz N\u00b01. Die exklusiven Zeitmesser wurden von Uhrmachermeister Marc Jenni in siebenmonatiger Feinarbeit produziert und sind ab sofort in unserem\u00a0Online-Shop\u00a0erh\u00e4ltlich. Eine weitere gro\u00dfe Bescherung gab es bei Carl Suchy &amp; S\u00f6hne letzte Woche: Beim feierlichen Weihnachtsempfang im Wiener Looshaus verzauberte die transdiziplin\u00e4re K\u00fcnstlerin und \u201eZeit-Architektin&#8220; Vesna Petresin aus London mit ihrer eigens f\u00fcr Suchy kreierten Performance die erlesene G\u00e4steschar und die Wiener Band \u201eThe Mauvais Gar\u00e7ons&#8220; unterhielt mit swingenden Melodien die erlesene G\u00e4steschar. Carl Suchy &amp; S\u00f6hne w\u00fcnscht Ihnen und Ihrer Familie besinnliche Feiertage und viel Erfolg, Gl\u00fcck und Gesundheit im neuen Jahr!<\/p>\n","protected":false},"author":2,"featured_media":1767,"comment_status":"closed","ping_status":"closed","sticky":false,"template":"","format":"standard","meta":{"_acf_changed":false,"content-type":"","footnotes":""},"categories":[3],"tags":[],"acf":[],"yoast_head":"<!-- This site is optimized with the Yoast SEO plugin v23.5 - https:\/\/yoast.com\/wordpress\/plugins\/seo\/ -->\n<title>MIT DER WALTZ INS NEUE JAHR &#8211; Carl Suchy &amp; S\u00f6hne<\/title>\n<meta name=\"description\" content=\"Carl Suchy &amp; S\u00f6hne &#8211; Carl Suchy &amp; S\u00f6hne blickt auf ein ereignisreiches Jahr 2017 zur\u00fcck: Nach dem erfolgreichen Relaunch Anfang des Jahres und einer ausverkauften ersten\" \/>\n<meta name=\"robots\" content=\"index, follow, max-snippet:-1, max-image-preview:large, max-video-preview:-1\" \/>\n<link rel=\"canonical\" href=\"https:\/\/www.carlsuchy.com\/de\/mit-der-waltz-ins-neue-jahr\/\" \/>\n<meta property=\"og:locale\" content=\"de_DE\" \/>\n<meta property=\"og:type\" content=\"article\" \/>\n<meta property=\"og:title\" content=\"MIT DER WALTZ INS NEUE JAHR &#8211; Carl Suchy &amp; S\u00f6hne\" \/>\n<meta property=\"og:description\" content=\"Carl Suchy &amp; S\u00f6hne &#8211; Carl Suchy &amp; S\u00f6hne blickt auf ein ereignisreiches Jahr 2017 zur\u00fcck: Nach dem erfolgreichen Relaunch Anfang des Jahres und einer ausverkauften ersten\" \/>\n<meta property=\"og:url\" content=\"https:\/\/www.carlsuchy.com\/de\/mit-der-waltz-ins-neue-jahr\/\" \/>\n<meta property=\"og:site_name\" content=\"Carl Suchy &amp; S\u00f6hne\" \/>\n<meta property=\"article:publisher\" content=\"https:\/\/www.facebook.com\/carlsuchy\/\" \/>\n<meta property=\"article:published_time\" content=\"2017-12-28T10:49:14+00:00\" \/>\n<meta property=\"article:modified_time\" content=\"2017-12-28T10:52:30+00:00\" \/>\n<meta property=\"og:image\" content=\"https:\/\/www.carlsuchy.com\/wp-content\/uploads\/2017\/12\/cs-launchevent2-marcjenni.jpg\" \/>\n\t<meta property=\"og:image:width\" content=\"800\" \/>\n\t<meta property=\"og:image:height\" content=\"600\" \/>\n\t<meta property=\"og:image:type\" content=\"image\/jpeg\" \/>\n<meta name=\"author\" content=\"Rein\" \/>\n<meta name=\"twitter:card\" content=\"summary_large_image\" \/>\n<meta name=\"twitter:label1\" content=\"Verfasst von\" \/>\n\t<meta name=\"twitter:data1\" content=\"Rein\" \/>\n\t<meta name=\"twitter:label2\" content=\"Gesch\u00e4tzte Lesezeit\" \/>\n\t<meta name=\"twitter:data2\" content=\"1\u00a0Minute\" \/>\n<script type=\"application\/ld+json\" class=\"yoast-schema-graph\">{\"@context\":\"https:\/\/schema.org\",\"@graph\":[{\"@type\":\"Article\",\"@id\":\"https:\/\/www.carlsuchy.com\/de\/mit-der-waltz-ins-neue-jahr\/#article\",\"isPartOf\":{\"@id\":\"https:\/\/www.carlsuchy.com\/de\/mit-der-waltz-ins-neue-jahr\/\"},\"author\":{\"name\":\"Rein\",\"@id\":\"https:\/\/www.carlsuchy.com\/de\/#\/schema\/person\/05f27e0942e759111c4907f28a160669\"},\"headline\":\"MIT DER WALTZ INS NEUE JAHR\",\"datePublished\":\"2017-12-28T10:49:14+00:00\",\"dateModified\":\"2017-12-28T10:52:30+00:00\",\"mainEntityOfPage\":{\"@id\":\"https:\/\/www.carlsuchy.com\/de\/mit-der-waltz-ins-neue-jahr\/\"},\"wordCount\":153,\"publisher\":{\"@id\":\"https:\/\/www.carlsuchy.com\/de\/#organization\"},\"image\":{\"@id\":\"https:\/\/www.carlsuchy.com\/de\/mit-der-waltz-ins-neue-jahr\/#primaryimage\"},\"thumbnailUrl\":\"https:\/\/www.carlsuchy.com\/wp-content\/uploads\/2017\/12\/cs-launchevent2-marcjenni.jpg\",\"articleSection\":[\"Unkategorisiert\"],\"inLanguage\":\"de\"},{\"@type\":\"WebPage\",\"@id\":\"https:\/\/www.carlsuchy.com\/de\/mit-der-waltz-ins-neue-jahr\/\",\"url\":\"https:\/\/www.carlsuchy.com\/de\/mit-der-waltz-ins-neue-jahr\/\",\"name\":\"MIT DER WALTZ INS NEUE JAHR &#8211; Carl Suchy &amp; S\u00f6hne\",\"isPartOf\":{\"@id\":\"https:\/\/www.carlsuchy.com\/de\/#website\"},\"primaryImageOfPage\":{\"@id\":\"https:\/\/www.carlsuchy.com\/de\/mit-der-waltz-ins-neue-jahr\/#primaryimage\"},\"image\":{\"@id\":\"https:\/\/www.carlsuchy.com\/de\/mit-der-waltz-ins-neue-jahr\/#primaryimage\"},\"thumbnailUrl\":\"https:\/\/www.carlsuchy.com\/wp-content\/uploads\/2017\/12\/cs-launchevent2-marcjenni.jpg\",\"datePublished\":\"2017-12-28T10:49:14+00:00\",\"dateModified\":\"2017-12-28T10:52:30+00:00\",\"description\":\"Carl Suchy &amp; S\u00f6hne &#8211; Carl Suchy &amp; S\u00f6hne blickt auf ein ereignisreiches Jahr 2017 zur\u00fcck: Nach dem erfolgreichen Relaunch Anfang des Jahres und einer ausverkauften ersten\",\"breadcrumb\":{\"@id\":\"https:\/\/www.carlsuchy.com\/de\/mit-der-waltz-ins-neue-jahr\/#breadcrumb\"},\"inLanguage\":\"de\",\"potentialAction\":[{\"@type\":\"ReadAction\",\"target\":[\"https:\/\/www.carlsuchy.com\/de\/mit-der-waltz-ins-neue-jahr\/\"]}]},{\"@type\":\"ImageObject\",\"inLanguage\":\"de\",\"@id\":\"https:\/\/www.carlsuchy.com\/de\/mit-der-waltz-ins-neue-jahr\/#primaryimage\",\"url\":\"https:\/\/www.carlsuchy.com\/wp-content\/uploads\/2017\/12\/cs-launchevent2-marcjenni.jpg\",\"contentUrl\":\"https:\/\/www.carlsuchy.com\/wp-content\/uploads\/2017\/12\/cs-launchevent2-marcjenni.jpg\",\"width\":800,\"height\":600},{\"@type\":\"BreadcrumbList\",\"@id\":\"https:\/\/www.carlsuchy.com\/de\/mit-der-waltz-ins-neue-jahr\/#breadcrumb\",\"itemListElement\":[{\"@type\":\"ListItem\",\"position\":1,\"name\":\"Home\",\"item\":\"https:\/\/www.carlsuchy.com\/de\/\"},{\"@type\":\"ListItem\",\"position\":2,\"name\":\"MIT DER WALTZ INS NEUE JAHR\"}]},{\"@type\":\"WebSite\",\"@id\":\"https:\/\/www.carlsuchy.com\/de\/#website\",\"url\":\"https:\/\/www.carlsuchy.com\/de\/\",\"name\":\"Carl Suchy &amp; S\u00f6hne\",\"description\":\"\",\"publisher\":{\"@id\":\"https:\/\/www.carlsuchy.com\/de\/#organization\"},\"potentialAction\":[{\"@type\":\"SearchAction\",\"target\":{\"@type\":\"EntryPoint\",\"urlTemplate\":\"https:\/\/www.carlsuchy.com\/de\/?s={search_term_string}\"},\"query-input\":{\"@type\":\"PropertyValueSpecification\",\"valueRequired\":true,\"valueName\":\"search_term_string\"}}],\"inLanguage\":\"de\"},{\"@type\":\"Organization\",\"@id\":\"https:\/\/www.carlsuchy.com\/de\/#organization\",\"name\":\"Carl Suchy & S\u00f6hne\",\"url\":\"https:\/\/www.carlsuchy.com\/de\/\",\"logo\":{\"@type\":\"ImageObject\",\"inLanguage\":\"de\",\"@id\":\"https:\/\/www.carlsuchy.com\/de\/#\/schema\/logo\/image\/\",\"url\":\"https:\/\/www.carlsuchy.com\/wp-content\/uploads\/2018\/05\/logo.svg\",\"contentUrl\":\"https:\/\/www.carlsuchy.com\/wp-content\/uploads\/2018\/05\/logo.svg\",\"width\":1,\"height\":1,\"caption\":\"Carl Suchy & S\u00f6hne\"},\"image\":{\"@id\":\"https:\/\/www.carlsuchy.com\/de\/#\/schema\/logo\/image\/\"},\"sameAs\":[\"https:\/\/www.facebook.com\/carlsuchy\/\",\"https:\/\/www.instagram.com\/carlsuchy\/?hl=de\",\"https:\/\/www.linkedin.com\/company\/carl-suchy-&amp;-s\u00f6hne\/\",\"https:\/\/www.pinterest.de\/carlsuchy1822\/\",\"https:\/\/www.youtube.com\/channel\/UCiaaduvFGuyeWS7ZUOXxGSA\"]},{\"@type\":\"Person\",\"@id\":\"https:\/\/www.carlsuchy.com\/de\/#\/schema\/person\/05f27e0942e759111c4907f28a160669\",\"name\":\"Rein\"}]}<\/script>\n<!-- \/ Yoast SEO plugin. -->","yoast_head_json":{"title":"MIT DER WALTZ INS NEUE JAHR &#8211; Carl Suchy &amp; S\u00f6hne","description":"Carl Suchy &amp; S\u00f6hne &#8211; Carl Suchy &amp; S\u00f6hne blickt auf ein ereignisreiches Jahr 2017 zur\u00fcck: Nach dem erfolgreichen Relaunch Anfang des Jahres und einer ausverkauften ersten","robots":{"index":"index","follow":"follow","max-snippet":"max-snippet:-1","max-image-preview":"max-image-preview:large","max-video-preview":"max-video-preview:-1"},"canonical":"https:\/\/www.carlsuchy.com\/de\/mit-der-waltz-ins-neue-jahr\/","og_locale":"de_DE","og_type":"article","og_title":"MIT DER WALTZ INS NEUE JAHR &#8211; Carl Suchy &amp; S\u00f6hne","og_description":"Carl Suchy &amp; S\u00f6hne &#8211; Carl Suchy &amp; S\u00f6hne blickt auf ein ereignisreiches Jahr 2017 zur\u00fcck: Nach dem erfolgreichen Relaunch Anfang des Jahres und einer ausverkauften ersten","og_url":"https:\/\/www.carlsuchy.com\/de\/mit-der-waltz-ins-neue-jahr\/","og_site_name":"Carl Suchy &amp; S\u00f6hne","article_publisher":"https:\/\/www.facebook.com\/carlsuchy\/","article_published_time":"2017-12-28T10:49:14+00:00","article_modified_time":"2017-12-28T10:52:30+00:00","og_image":[{"width":800,"height":600,"url":"https:\/\/www.carlsuchy.com\/wp-content\/uploads\/2017\/12\/cs-launchevent2-marcjenni.jpg","type":"image\/jpeg"}],"author":"Rein","twitter_card":"summary_large_image","twitter_misc":{"Verfasst von":"Rein","Gesch\u00e4tzte Lesezeit":"1\u00a0Minute"},"schema":{"@context":"https:\/\/schema.org","@graph":[{"@type":"Article","@id":"https:\/\/www.carlsuchy.com\/de\/mit-der-waltz-ins-neue-jahr\/#article","isPartOf":{"@id":"https:\/\/www.carlsuchy.com\/de\/mit-der-waltz-ins-neue-jahr\/"},"author":{"name":"Rein","@id":"https:\/\/www.carlsuchy.com\/de\/#\/schema\/person\/05f27e0942e759111c4907f28a160669"},"headline":"MIT DER WALTZ INS NEUE JAHR","datePublished":"2017-12-28T10:49:14+00:00","dateModified":"2017-12-28T10:52:30+00:00","mainEntityOfPage":{"@id":"https:\/\/www.carlsuchy.com\/de\/mit-der-waltz-ins-neue-jahr\/"},"wordCount":153,"publisher":{"@id":"https:\/\/www.carlsuchy.com\/de\/#organization"},"image":{"@id":"https:\/\/www.carlsuchy.com\/de\/mit-der-waltz-ins-neue-jahr\/#primaryimage"},"thumbnailUrl":"https:\/\/www.carlsuchy.com\/wp-content\/uploads\/2017\/12\/cs-launchevent2-marcjenni.jpg","articleSection":["Unkategorisiert"],"inLanguage":"de"},{"@type":"WebPage","@id":"https:\/\/www.carlsuchy.com\/de\/mit-der-waltz-ins-neue-jahr\/","url":"https:\/\/www.carlsuchy.com\/de\/mit-der-waltz-ins-neue-jahr\/","name":"MIT DER WALTZ INS NEUE JAHR &#8211; Carl Suchy &amp; S\u00f6hne","isPartOf":{"@id":"https:\/\/www.carlsuchy.com\/de\/#website"},"primaryImageOfPage":{"@id":"https:\/\/www.carlsuchy.com\/de\/mit-der-waltz-ins-neue-jahr\/#primaryimage"},"image":{"@id":"https:\/\/www.carlsuchy.com\/de\/mit-der-waltz-ins-neue-jahr\/#primaryimage"},"thumbnailUrl":"https:\/\/www.carlsuchy.com\/wp-content\/uploads\/2017\/12\/cs-launchevent2-marcjenni.jpg","datePublished":"2017-12-28T10:49:14+00:00","dateModified":"2017-12-28T10:52:30+00:00","description":"Carl Suchy &amp; S\u00f6hne &#8211; Carl Suchy &amp; S\u00f6hne blickt auf ein ereignisreiches Jahr 2017 zur\u00fcck: Nach dem erfolgreichen Relaunch Anfang des Jahres und einer ausverkauften ersten","breadcrumb":{"@id":"https:\/\/www.carlsuchy.com\/de\/mit-der-waltz-ins-neue-jahr\/#breadcrumb"},"inLanguage":"de","potentialAction":[{"@type":"ReadAction","target":["https:\/\/www.carlsuchy.com\/de\/mit-der-waltz-ins-neue-jahr\/"]}]},{"@type":"ImageObject","inLanguage":"de","@id":"https:\/\/www.carlsuchy.com\/de\/mit-der-waltz-ins-neue-jahr\/#primaryimage","url":"https:\/\/www.carlsuchy.com\/wp-content\/uploads\/2017\/12\/cs-launchevent2-marcjenni.jpg","contentUrl":"https:\/\/www.carlsuchy.com\/wp-content\/uploads\/2017\/12\/cs-launchevent2-marcjenni.jpg","width":800,"height":600},{"@type":"BreadcrumbList","@id":"https:\/\/www.carlsuchy.com\/de\/mit-der-waltz-ins-neue-jahr\/#breadcrumb","itemListElement":[{"@type":"ListItem","position":1,"name":"Home","item":"https:\/\/www.carlsuchy.com\/de\/"},{"@type":"ListItem","position":2,"name":"MIT DER WALTZ INS NEUE JAHR"}]},{"@type":"WebSite","@id":"https:\/\/www.carlsuchy.com\/de\/#website","url":"https:\/\/www.carlsuchy.com\/de\/","name":"Carl Suchy &amp; S\u00f6hne","description":"","publisher":{"@id":"https:\/\/www.carlsuchy.com\/de\/#organization"},"potentialAction":[{"@type":"SearchAction","target":{"@type":"EntryPoint","urlTemplate":"https:\/\/www.carlsuchy.com\/de\/?s={search_term_string}"},"query-input":{"@type":"PropertyValueSpecification","valueRequired":true,"valueName":"search_term_string"}}],"inLanguage":"de"},{"@type":"Organization","@id":"https:\/\/www.carlsuchy.com\/de\/#organization","name":"Carl Suchy & S\u00f6hne","url":"https:\/\/www.carlsuchy.com\/de\/","logo":{"@type":"ImageObject","inLanguage":"de","@id":"https:\/\/www.carlsuchy.com\/de\/#\/schema\/logo\/image\/","url":"https:\/\/www.carlsuchy.com\/wp-content\/uploads\/2018\/05\/logo.svg","contentUrl":"https:\/\/www.carlsuchy.com\/wp-content\/uploads\/2018\/05\/logo.svg","width":1,"height":1,"caption":"Carl Suchy & S\u00f6hne"},"image":{"@id":"https:\/\/www.carlsuchy.com\/de\/#\/schema\/logo\/image\/"},"sameAs":["https:\/\/www.facebook.com\/carlsuchy\/","https:\/\/www.instagram.com\/carlsuchy\/?hl=de","https:\/\/www.linkedin.com\/company\/carl-suchy-&amp;-s\u00f6hne\/","https:\/\/www.pinterest.de\/carlsuchy1822\/","https:\/\/www.youtube.com\/channel\/UCiaaduvFGuyeWS7ZUOXxGSA"]},{"@type":"Person","@id":"https:\/\/www.carlsuchy.com\/de\/#\/schema\/person\/05f27e0942e759111c4907f28a160669","name":"Rein"}]}},"_links":{"self":[{"href":"https:\/\/www.carlsuchy.com\/de\/wp-json\/wp\/v2\/posts\/1766"}],"collection":[{"href":"https:\/\/www.carlsuchy.com\/de\/wp-json\/wp\/v2\/posts"}],"about":[{"href":"https:\/\/www.carlsuchy.com\/de\/wp-json\/wp\/v2\/types\/post"}],"author":[{"embeddable":true,"href":"https:\/\/www.carlsuchy.com\/de\/wp-json\/wp\/v2\/users\/2"}],"replies":[{"embeddable":true,"href":"https:\/\/www.carlsuchy.com\/de\/wp-json\/wp\/v2\/comments?post=1766"}],"version-history":[{"count":0,"href":"https:\/\/www.carlsuchy.com\/de\/wp-json\/wp\/v2\/posts\/1766\/revisions"}],"wp:featuredmedia":[{"embeddable":true,"href":"https:\/\/www.carlsuchy.com\/de\/wp-json\/wp\/v2\/media\/1767"}],"wp:attachment":[{"href":"https:\/\/www.carlsuchy.com\/de\/wp-json\/wp\/v2\/media?parent=1766"}],"wp:term":[{"taxonomy":"category","embeddable":true,"href":"https:\/\/www.carlsuchy.com\/de\/wp-json\/wp\/v2\/categories?post=1766"},{"taxonomy":"post_tag","embeddable":true,"href":"https:\/\/www.carlsuchy.com\/de\/wp-json\/wp\/v2\/tags?post=1766"}],"curies":[{"name":"wp","href":"https:\/\/api.w.org\/{rel}","templated":true}]}}