


{"id":20196,"date":"2022-11-14T11:02:41","date_gmt":"2022-11-14T11:02:41","guid":{"rendered":"https:\/\/www.carlsuchy.com\/carl-suchy-sohne-x-vienna-art-week\/"},"modified":"2024-02-15T16:00:46","modified_gmt":"2024-02-15T16:00:46","slug":"carl-suchy-sohne-x-vienna-art-week","status":"publish","type":"post","link":"https:\/\/www.carlsuchy.com\/de\/carl-suchy-sohne-x-vienna-art-week\/","title":{"rendered":"Carl Suchy &#038; S\u00f6hne x Vienna Art Week"},"content":{"rendered":"<p>&nbsp;<\/p>\n<p>&nbsp;<\/p>\n","protected":false},"excerpt":{"rendered":"<p>&nbsp; &nbsp;<\/p>\n","protected":false},"author":7,"featured_media":8267,"comment_status":"closed","ping_status":"closed","sticky":false,"template":"","format":"standard","meta":{"_acf_changed":false,"content-type":"","footnotes":""},"categories":[72,3],"tags":[],"acf":[],"yoast_head":"<!-- This site is optimized with the Yoast SEO plugin v23.5 - https:\/\/yoast.com\/wordpress\/plugins\/seo\/ -->\n<title>Carl Suchy &amp; S\u00f6hne x Vienna Art Week &#8211; Carl Suchy &amp; S\u00f6hne<\/title>\n<meta name=\"description\" content=\"Carl Suchy &amp; S\u00f6hne &#8211; &nbsp;  &nbsp;\" \/>\n<meta name=\"robots\" content=\"index, follow, max-snippet:-1, max-image-preview:large, max-video-preview:-1\" \/>\n<link rel=\"canonical\" href=\"https:\/\/www.carlsuchy.com\/de\/carl-suchy-sohne-x-vienna-art-week\/\" \/>\n<meta property=\"og:locale\" content=\"de_DE\" \/>\n<meta property=\"og:type\" content=\"article\" \/>\n<meta property=\"og:title\" content=\"Carl Suchy &amp; S\u00f6hne x Vienna Art Week &#8211; Carl Suchy &amp; S\u00f6hne\" \/>\n<meta property=\"og:description\" content=\"Carl Suchy &amp; S\u00f6hne &#8211; &nbsp;  &nbsp;\" \/>\n<meta property=\"og:url\" content=\"https:\/\/www.carlsuchy.com\/de\/carl-suchy-sohne-x-vienna-art-week\/\" \/>\n<meta property=\"og:site_name\" content=\"Carl Suchy &amp; S\u00f6hne\" \/>\n<meta property=\"article:publisher\" content=\"https:\/\/www.facebook.com\/carlsuchy\/\" \/>\n<meta property=\"article:published_time\" content=\"2022-11-14T11:02:41+00:00\" \/>\n<meta property=\"article:modified_time\" content=\"2024-02-15T16:00:46+00:00\" \/>\n<meta property=\"og:image\" content=\"https:\/\/www.carlsuchy.com\/wp-content\/uploads\/2022\/12\/211117_VAW21_047_cFehringer-1.webp\" \/>\n\t<meta property=\"og:image:width\" content=\"1200\" \/>\n\t<meta property=\"og:image:height\" content=\"1799\" \/>\n\t<meta property=\"og:image:type\" content=\"image\/webp\" \/>\n<meta name=\"author\" content=\"Joe Fritsch\" \/>\n<meta name=\"twitter:card\" content=\"summary_large_image\" \/>\n<meta name=\"twitter:label1\" content=\"Verfasst von\" \/>\n\t<meta name=\"twitter:data1\" content=\"Joe Fritsch\" \/>\n\t<meta name=\"twitter:label2\" content=\"Gesch\u00e4tzte Lesezeit\" \/>\n\t<meta name=\"twitter:data2\" content=\"1\u00a0Minute\" \/>\n<script type=\"application\/ld+json\" class=\"yoast-schema-graph\">{\"@context\":\"https:\/\/schema.org\",\"@graph\":[{\"@type\":\"Article\",\"@id\":\"https:\/\/www.carlsuchy.com\/de\/carl-suchy-sohne-x-vienna-art-week\/#article\",\"isPartOf\":{\"@id\":\"https:\/\/www.carlsuchy.com\/de\/carl-suchy-sohne-x-vienna-art-week\/\"},\"author\":{\"name\":\"Joe Fritsch\",\"@id\":\"https:\/\/www.carlsuchy.com\/de\/#\/schema\/person\/60c299fc592e7ae0433a81f9f102cb5f\"},\"headline\":\"Carl Suchy &#038; S\u00f6hne x Vienna Art Week\",\"datePublished\":\"2022-11-14T11:02:41+00:00\",\"dateModified\":\"2024-02-15T16:00:46+00:00\",\"mainEntityOfPage\":{\"@id\":\"https:\/\/www.carlsuchy.com\/de\/carl-suchy-sohne-x-vienna-art-week\/\"},\"wordCount\":10,\"publisher\":{\"@id\":\"https:\/\/www.carlsuchy.com\/de\/#organization\"},\"image\":{\"@id\":\"https:\/\/www.carlsuchy.com\/de\/carl-suchy-sohne-x-vienna-art-week\/#primaryimage\"},\"thumbnailUrl\":\"https:\/\/www.carlsuchy.com\/wp-content\/uploads\/2022\/12\/211117_VAW21_047_cFehringer-1.webp\",\"articleSection\":[\"Events\",\"Unkategorisiert\"],\"inLanguage\":\"de\"},{\"@type\":\"WebPage\",\"@id\":\"https:\/\/www.carlsuchy.com\/de\/carl-suchy-sohne-x-vienna-art-week\/\",\"url\":\"https:\/\/www.carlsuchy.com\/de\/carl-suchy-sohne-x-vienna-art-week\/\",\"name\":\"Carl Suchy & S\u00f6hne x Vienna Art Week &#8211; Carl Suchy &amp; S\u00f6hne\",\"isPartOf\":{\"@id\":\"https:\/\/www.carlsuchy.com\/de\/#website\"},\"primaryImageOfPage\":{\"@id\":\"https:\/\/www.carlsuchy.com\/de\/carl-suchy-sohne-x-vienna-art-week\/#primaryimage\"},\"image\":{\"@id\":\"https:\/\/www.carlsuchy.com\/de\/carl-suchy-sohne-x-vienna-art-week\/#primaryimage\"},\"thumbnailUrl\":\"https:\/\/www.carlsuchy.com\/wp-content\/uploads\/2022\/12\/211117_VAW21_047_cFehringer-1.webp\",\"datePublished\":\"2022-11-14T11:02:41+00:00\",\"dateModified\":\"2024-02-15T16:00:46+00:00\",\"description\":\"Carl Suchy &amp; S\u00f6hne &#8211; &nbsp; &nbsp;\",\"breadcrumb\":{\"@id\":\"https:\/\/www.carlsuchy.com\/de\/carl-suchy-sohne-x-vienna-art-week\/#breadcrumb\"},\"inLanguage\":\"de\",\"potentialAction\":[{\"@type\":\"ReadAction\",\"target\":[\"https:\/\/www.carlsuchy.com\/de\/carl-suchy-sohne-x-vienna-art-week\/\"]}]},{\"@type\":\"ImageObject\",\"inLanguage\":\"de\",\"@id\":\"https:\/\/www.carlsuchy.com\/de\/carl-suchy-sohne-x-vienna-art-week\/#primaryimage\",\"url\":\"https:\/\/www.carlsuchy.com\/wp-content\/uploads\/2022\/12\/211117_VAW21_047_cFehringer-1.webp\",\"contentUrl\":\"https:\/\/www.carlsuchy.com\/wp-content\/uploads\/2022\/12\/211117_VAW21_047_cFehringer-1.webp\",\"width\":1200,\"height\":1799},{\"@type\":\"BreadcrumbList\",\"@id\":\"https:\/\/www.carlsuchy.com\/de\/carl-suchy-sohne-x-vienna-art-week\/#breadcrumb\",\"itemListElement\":[{\"@type\":\"ListItem\",\"position\":1,\"name\":\"Home\",\"item\":\"https:\/\/www.carlsuchy.com\/de\/\"},{\"@type\":\"ListItem\",\"position\":2,\"name\":\"Carl Suchy &#038; S\u00f6hne x Vienna Art Week\"}]},{\"@type\":\"WebSite\",\"@id\":\"https:\/\/www.carlsuchy.com\/de\/#website\",\"url\":\"https:\/\/www.carlsuchy.com\/de\/\",\"name\":\"Carl Suchy &amp; S\u00f6hne\",\"description\":\"\",\"publisher\":{\"@id\":\"https:\/\/www.carlsuchy.com\/de\/#organization\"},\"potentialAction\":[{\"@type\":\"SearchAction\",\"target\":{\"@type\":\"EntryPoint\",\"urlTemplate\":\"https:\/\/www.carlsuchy.com\/de\/?s={search_term_string}\"},\"query-input\":{\"@type\":\"PropertyValueSpecification\",\"valueRequired\":true,\"valueName\":\"search_term_string\"}}],\"inLanguage\":\"de\"},{\"@type\":\"Organization\",\"@id\":\"https:\/\/www.carlsuchy.com\/de\/#organization\",\"name\":\"Carl Suchy & S\u00f6hne\",\"url\":\"https:\/\/www.carlsuchy.com\/de\/\",\"logo\":{\"@type\":\"ImageObject\",\"inLanguage\":\"de\",\"@id\":\"https:\/\/www.carlsuchy.com\/de\/#\/schema\/logo\/image\/\",\"url\":\"https:\/\/www.carlsuchy.com\/wp-content\/uploads\/2018\/05\/logo.svg\",\"contentUrl\":\"https:\/\/www.carlsuchy.com\/wp-content\/uploads\/2018\/05\/logo.svg\",\"width\":1,\"height\":1,\"caption\":\"Carl Suchy & S\u00f6hne\"},\"image\":{\"@id\":\"https:\/\/www.carlsuchy.com\/de\/#\/schema\/logo\/image\/\"},\"sameAs\":[\"https:\/\/www.facebook.com\/carlsuchy\/\",\"https:\/\/www.instagram.com\/carlsuchy\/?hl=de\",\"https:\/\/www.linkedin.com\/company\/carl-suchy-&amp;-s\u00f6hne\/\",\"https:\/\/www.pinterest.de\/carlsuchy1822\/\",\"https:\/\/www.youtube.com\/channel\/UCiaaduvFGuyeWS7ZUOXxGSA\"]},{\"@type\":\"Person\",\"@id\":\"https:\/\/www.carlsuchy.com\/de\/#\/schema\/person\/60c299fc592e7ae0433a81f9f102cb5f\",\"name\":\"Joe Fritsch\"}]}<\/script>\n<!-- \/ Yoast SEO plugin. -->","yoast_head_json":{"title":"Carl Suchy & S\u00f6hne x Vienna Art Week &#8211; Carl Suchy &amp; S\u00f6hne","description":"Carl Suchy &amp; S\u00f6hne &#8211; &nbsp;  &nbsp;","robots":{"index":"index","follow":"follow","max-snippet":"max-snippet:-1","max-image-preview":"max-image-preview:large","max-video-preview":"max-video-preview:-1"},"canonical":"https:\/\/www.carlsuchy.com\/de\/carl-suchy-sohne-x-vienna-art-week\/","og_locale":"de_DE","og_type":"article","og_title":"Carl Suchy & S\u00f6hne x Vienna Art Week &#8211; Carl Suchy &amp; S\u00f6hne","og_description":"Carl Suchy &amp; S\u00f6hne &#8211; &nbsp;  &nbsp;","og_url":"https:\/\/www.carlsuchy.com\/de\/carl-suchy-sohne-x-vienna-art-week\/","og_site_name":"Carl Suchy &amp; S\u00f6hne","article_publisher":"https:\/\/www.facebook.com\/carlsuchy\/","article_published_time":"2022-11-14T11:02:41+00:00","article_modified_time":"2024-02-15T16:00:46+00:00","og_image":[{"width":1200,"height":1799,"url":"https:\/\/www.carlsuchy.com\/wp-content\/uploads\/2022\/12\/211117_VAW21_047_cFehringer-1.webp","type":"image\/webp"}],"author":"Joe Fritsch","twitter_card":"summary_large_image","twitter_misc":{"Verfasst von":"Joe Fritsch","Gesch\u00e4tzte Lesezeit":"1\u00a0Minute"},"schema":{"@context":"https:\/\/schema.org","@graph":[{"@type":"Article","@id":"https:\/\/www.carlsuchy.com\/de\/carl-suchy-sohne-x-vienna-art-week\/#article","isPartOf":{"@id":"https:\/\/www.carlsuchy.com\/de\/carl-suchy-sohne-x-vienna-art-week\/"},"author":{"name":"Joe Fritsch","@id":"https:\/\/www.carlsuchy.com\/de\/#\/schema\/person\/60c299fc592e7ae0433a81f9f102cb5f"},"headline":"Carl Suchy &#038; S\u00f6hne x Vienna Art Week","datePublished":"2022-11-14T11:02:41+00:00","dateModified":"2024-02-15T16:00:46+00:00","mainEntityOfPage":{"@id":"https:\/\/www.carlsuchy.com\/de\/carl-suchy-sohne-x-vienna-art-week\/"},"wordCount":10,"publisher":{"@id":"https:\/\/www.carlsuchy.com\/de\/#organization"},"image":{"@id":"https:\/\/www.carlsuchy.com\/de\/carl-suchy-sohne-x-vienna-art-week\/#primaryimage"},"thumbnailUrl":"https:\/\/www.carlsuchy.com\/wp-content\/uploads\/2022\/12\/211117_VAW21_047_cFehringer-1.webp","articleSection":["Events","Unkategorisiert"],"inLanguage":"de"},{"@type":"WebPage","@id":"https:\/\/www.carlsuchy.com\/de\/carl-suchy-sohne-x-vienna-art-week\/","url":"https:\/\/www.carlsuchy.com\/de\/carl-suchy-sohne-x-vienna-art-week\/","name":"Carl Suchy & S\u00f6hne x Vienna Art Week &#8211; Carl Suchy &amp; S\u00f6hne","isPartOf":{"@id":"https:\/\/www.carlsuchy.com\/de\/#website"},"primaryImageOfPage":{"@id":"https:\/\/www.carlsuchy.com\/de\/carl-suchy-sohne-x-vienna-art-week\/#primaryimage"},"image":{"@id":"https:\/\/www.carlsuchy.com\/de\/carl-suchy-sohne-x-vienna-art-week\/#primaryimage"},"thumbnailUrl":"https:\/\/www.carlsuchy.com\/wp-content\/uploads\/2022\/12\/211117_VAW21_047_cFehringer-1.webp","datePublished":"2022-11-14T11:02:41+00:00","dateModified":"2024-02-15T16:00:46+00:00","description":"Carl Suchy &amp; S\u00f6hne &#8211; &nbsp; &nbsp;","breadcrumb":{"@id":"https:\/\/www.carlsuchy.com\/de\/carl-suchy-sohne-x-vienna-art-week\/#breadcrumb"},"inLanguage":"de","potentialAction":[{"@type":"ReadAction","target":["https:\/\/www.carlsuchy.com\/de\/carl-suchy-sohne-x-vienna-art-week\/"]}]},{"@type":"ImageObject","inLanguage":"de","@id":"https:\/\/www.carlsuchy.com\/de\/carl-suchy-sohne-x-vienna-art-week\/#primaryimage","url":"https:\/\/www.carlsuchy.com\/wp-content\/uploads\/2022\/12\/211117_VAW21_047_cFehringer-1.webp","contentUrl":"https:\/\/www.carlsuchy.com\/wp-content\/uploads\/2022\/12\/211117_VAW21_047_cFehringer-1.webp","width":1200,"height":1799},{"@type":"BreadcrumbList","@id":"https:\/\/www.carlsuchy.com\/de\/carl-suchy-sohne-x-vienna-art-week\/#breadcrumb","itemListElement":[{"@type":"ListItem","position":1,"name":"Home","item":"https:\/\/www.carlsuchy.com\/de\/"},{"@type":"ListItem","position":2,"name":"Carl Suchy &#038; S\u00f6hne x Vienna Art Week"}]},{"@type":"WebSite","@id":"https:\/\/www.carlsuchy.com\/de\/#website","url":"https:\/\/www.carlsuchy.com\/de\/","name":"Carl Suchy &amp; S\u00f6hne","description":"","publisher":{"@id":"https:\/\/www.carlsuchy.com\/de\/#organization"},"potentialAction":[{"@type":"SearchAction","target":{"@type":"EntryPoint","urlTemplate":"https:\/\/www.carlsuchy.com\/de\/?s={search_term_string}"},"query-input":{"@type":"PropertyValueSpecification","valueRequired":true,"valueName":"search_term_string"}}],"inLanguage":"de"},{"@type":"Organization","@id":"https:\/\/www.carlsuchy.com\/de\/#organization","name":"Carl Suchy & S\u00f6hne","url":"https:\/\/www.carlsuchy.com\/de\/","logo":{"@type":"ImageObject","inLanguage":"de","@id":"https:\/\/www.carlsuchy.com\/de\/#\/schema\/logo\/image\/","url":"https:\/\/www.carlsuchy.com\/wp-content\/uploads\/2018\/05\/logo.svg","contentUrl":"https:\/\/www.carlsuchy.com\/wp-content\/uploads\/2018\/05\/logo.svg","width":1,"height":1,"caption":"Carl Suchy & S\u00f6hne"},"image":{"@id":"https:\/\/www.carlsuchy.com\/de\/#\/schema\/logo\/image\/"},"sameAs":["https:\/\/www.facebook.com\/carlsuchy\/","https:\/\/www.instagram.com\/carlsuchy\/?hl=de","https:\/\/www.linkedin.com\/company\/carl-suchy-&amp;-s\u00f6hne\/","https:\/\/www.pinterest.de\/carlsuchy1822\/","https:\/\/www.youtube.com\/channel\/UCiaaduvFGuyeWS7ZUOXxGSA"]},{"@type":"Person","@id":"https:\/\/www.carlsuchy.com\/de\/#\/schema\/person\/60c299fc592e7ae0433a81f9f102cb5f","name":"Joe Fritsch"}]}},"_links":{"self":[{"href":"https:\/\/www.carlsuchy.com\/de\/wp-json\/wp\/v2\/posts\/20196"}],"collection":[{"href":"https:\/\/www.carlsuchy.com\/de\/wp-json\/wp\/v2\/posts"}],"about":[{"href":"https:\/\/www.carlsuchy.com\/de\/wp-json\/wp\/v2\/types\/post"}],"author":[{"embeddable":true,"href":"https:\/\/www.carlsuchy.com\/de\/wp-json\/wp\/v2\/users\/7"}],"replies":[{"embeddable":true,"href":"https:\/\/www.carlsuchy.com\/de\/wp-json\/wp\/v2\/comments?post=20196"}],"version-history":[{"count":3,"href":"https:\/\/www.carlsuchy.com\/de\/wp-json\/wp\/v2\/posts\/20196\/revisions"}],"predecessor-version":[{"id":20203,"href":"https:\/\/www.carlsuchy.com\/de\/wp-json\/wp\/v2\/posts\/20196\/revisions\/20203"}],"wp:featuredmedia":[{"embeddable":true,"href":"https:\/\/www.carlsuchy.com\/de\/wp-json\/wp\/v2\/media\/8267"}],"wp:attachment":[{"href":"https:\/\/www.carlsuchy.com\/de\/wp-json\/wp\/v2\/media?parent=20196"}],"wp:term":[{"taxonomy":"category","embeddable":true,"href":"https:\/\/www.carlsuchy.com\/de\/wp-json\/wp\/v2\/categories?post=20196"},{"taxonomy":"post_tag","embeddable":true,"href":"https:\/\/www.carlsuchy.com\/de\/wp-json\/wp\/v2\/tags?post=20196"}],"curies":[{"name":"wp","href":"https:\/\/api.w.org\/{rel}","templated":true}]}}