


{"id":586,"date":"2016-05-25T10:38:23","date_gmt":"2016-05-25T10:38:23","guid":{"rendered":"https:\/\/www.carlsuchy.com\/v2\/de\/?p=586"},"modified":"2016-06-01T08:21:51","modified_gmt":"2016-06-01T08:21:51","slug":"carl-suchy-im-magazin-monocle","status":"publish","type":"post","link":"https:\/\/www.carlsuchy.com\/de\/carl-suchy-im-magazin-monocle\/","title":{"rendered":"CARL SUCHY IM MAGAZIN MONOCLE"},"content":{"rendered":"<div dir=\"auto\">Das f\u00fchrende Lifestyle-Magazin berichtet \u00fcber die erfolgreiche Neueinf\u00fchrung von Carl Suchy &amp; S\u00f6hne, einer der f\u00fchrenden Uhren- und Taschenuhrenhersteller des 19. Jahrhunderts in Europa. Nun, im 21. Jahrhundert, wurde das Design der Uhren von Carl Suchy &amp; S\u00f6hne \u00fcbernommen und mit den Mustern des ber\u00fchmten \u00f6sterreichischen Architekten Adolf Loos erg\u00e4nzt. Das Ergebnis ist eine neue Uhr: die Waltz N\u00b01.<\/div>\n","protected":false},"excerpt":{"rendered":"<p>Das f\u00fchrende Lifestyle-Magazin berichtet \u00fcber die erfolgreiche Neueinf\u00fchrung von Carl Suchy &amp; S\u00f6hne, einer der f\u00fchrenden Uhren- und Taschenuhrenhersteller des 19. Jahrhunderts in Europa. Nun, im 21. Jahrhundert, wurde das Design der Uhren von Carl Suchy &amp; S\u00f6hne \u00fcbernommen und mit den Mustern des ber\u00fchmten \u00f6sterreichischen Architekten Adolf Loos erg\u00e4nzt. Das Ergebnis ist eine neue Uhr: die Waltz N\u00b01.<\/p>\n","protected":false},"author":2,"featured_media":557,"comment_status":"closed","ping_status":"closed","sticky":false,"template":"","format":"standard","meta":{"_acf_changed":false,"content-type":"","footnotes":""},"categories":[3],"tags":[],"acf":[],"yoast_head":"<!-- This site is optimized with the Yoast SEO plugin v23.5 - https:\/\/yoast.com\/wordpress\/plugins\/seo\/ -->\n<title>CARL SUCHY IM MAGAZIN MONOCLE &#8211; Carl Suchy &amp; S\u00f6hne<\/title>\n<meta name=\"description\" content=\"Carl Suchy &amp; S\u00f6hne &#8211; Das f\u00fchrende Lifestyle-Magazin berichtet \u00fcber die erfolgreiche Neueinf\u00fchrung von Carl Suchy &amp; S\u00f6hne, einer der f\u00fchrenden Uhren- und\" \/>\n<meta name=\"robots\" content=\"index, follow, max-snippet:-1, max-image-preview:large, max-video-preview:-1\" \/>\n<link rel=\"canonical\" href=\"https:\/\/www.carlsuchy.com\/de\/carl-suchy-im-magazin-monocle\/\" \/>\n<meta property=\"og:locale\" content=\"de_DE\" \/>\n<meta property=\"og:type\" content=\"article\" \/>\n<meta property=\"og:title\" content=\"CARL SUCHY IM MAGAZIN MONOCLE &#8211; Carl Suchy &amp; S\u00f6hne\" \/>\n<meta property=\"og:description\" content=\"Carl Suchy &amp; S\u00f6hne &#8211; Das f\u00fchrende Lifestyle-Magazin berichtet \u00fcber die erfolgreiche Neueinf\u00fchrung von Carl Suchy &amp; S\u00f6hne, einer der f\u00fchrenden Uhren- und\" \/>\n<meta property=\"og:url\" content=\"https:\/\/www.carlsuchy.com\/de\/carl-suchy-im-magazin-monocle\/\" \/>\n<meta property=\"og:site_name\" content=\"Carl Suchy &amp; S\u00f6hne\" \/>\n<meta property=\"article:publisher\" content=\"https:\/\/www.facebook.com\/carlsuchy\/\" \/>\n<meta property=\"article:published_time\" content=\"2016-05-25T10:38:23+00:00\" \/>\n<meta property=\"article:modified_time\" content=\"2016-06-01T08:21:51+00:00\" \/>\n<meta property=\"og:image\" content=\"https:\/\/www.carlsuchy.com\/wp-content\/uploads\/2016\/04\/collage.jpg\" \/>\n\t<meta property=\"og:image:width\" content=\"1200\" \/>\n\t<meta property=\"og:image:height\" content=\"1111\" \/>\n\t<meta property=\"og:image:type\" content=\"image\/jpeg\" \/>\n<meta name=\"author\" content=\"Rein\" \/>\n<meta name=\"twitter:card\" content=\"summary_large_image\" \/>\n<meta name=\"twitter:label1\" content=\"Verfasst von\" \/>\n\t<meta name=\"twitter:data1\" content=\"Rein\" \/>\n<script type=\"application\/ld+json\" class=\"yoast-schema-graph\">{\"@context\":\"https:\/\/schema.org\",\"@graph\":[{\"@type\":\"Article\",\"@id\":\"https:\/\/www.carlsuchy.com\/de\/carl-suchy-im-magazin-monocle\/#article\",\"isPartOf\":{\"@id\":\"https:\/\/www.carlsuchy.com\/de\/carl-suchy-im-magazin-monocle\/\"},\"author\":{\"name\":\"Rein\",\"@id\":\"https:\/\/www.carlsuchy.com\/de\/#\/schema\/person\/05f27e0942e759111c4907f28a160669\"},\"headline\":\"CARL SUCHY IM MAGAZIN MONOCLE\",\"datePublished\":\"2016-05-25T10:38:23+00:00\",\"dateModified\":\"2016-06-01T08:21:51+00:00\",\"mainEntityOfPage\":{\"@id\":\"https:\/\/www.carlsuchy.com\/de\/carl-suchy-im-magazin-monocle\/\"},\"wordCount\":69,\"publisher\":{\"@id\":\"https:\/\/www.carlsuchy.com\/de\/#organization\"},\"image\":{\"@id\":\"https:\/\/www.carlsuchy.com\/de\/carl-suchy-im-magazin-monocle\/#primaryimage\"},\"thumbnailUrl\":\"https:\/\/www.carlsuchy.com\/wp-content\/uploads\/2016\/04\/collage.jpg\",\"articleSection\":[\"Unkategorisiert\"],\"inLanguage\":\"de\"},{\"@type\":\"WebPage\",\"@id\":\"https:\/\/www.carlsuchy.com\/de\/carl-suchy-im-magazin-monocle\/\",\"url\":\"https:\/\/www.carlsuchy.com\/de\/carl-suchy-im-magazin-monocle\/\",\"name\":\"CARL SUCHY IM MAGAZIN MONOCLE &#8211; Carl Suchy &amp; S\u00f6hne\",\"isPartOf\":{\"@id\":\"https:\/\/www.carlsuchy.com\/de\/#website\"},\"primaryImageOfPage\":{\"@id\":\"https:\/\/www.carlsuchy.com\/de\/carl-suchy-im-magazin-monocle\/#primaryimage\"},\"image\":{\"@id\":\"https:\/\/www.carlsuchy.com\/de\/carl-suchy-im-magazin-monocle\/#primaryimage\"},\"thumbnailUrl\":\"https:\/\/www.carlsuchy.com\/wp-content\/uploads\/2016\/04\/collage.jpg\",\"datePublished\":\"2016-05-25T10:38:23+00:00\",\"dateModified\":\"2016-06-01T08:21:51+00:00\",\"description\":\"Carl Suchy &amp; S\u00f6hne &#8211; Das f\u00fchrende Lifestyle-Magazin berichtet \u00fcber die erfolgreiche Neueinf\u00fchrung von Carl Suchy &amp; S\u00f6hne, einer der f\u00fchrenden Uhren- und\",\"breadcrumb\":{\"@id\":\"https:\/\/www.carlsuchy.com\/de\/carl-suchy-im-magazin-monocle\/#breadcrumb\"},\"inLanguage\":\"de\",\"potentialAction\":[{\"@type\":\"ReadAction\",\"target\":[\"https:\/\/www.carlsuchy.com\/de\/carl-suchy-im-magazin-monocle\/\"]}]},{\"@type\":\"ImageObject\",\"inLanguage\":\"de\",\"@id\":\"https:\/\/www.carlsuchy.com\/de\/carl-suchy-im-magazin-monocle\/#primaryimage\",\"url\":\"https:\/\/www.carlsuchy.com\/wp-content\/uploads\/2016\/04\/collage.jpg\",\"contentUrl\":\"https:\/\/www.carlsuchy.com\/wp-content\/uploads\/2016\/04\/collage.jpg\",\"width\":1200,\"height\":1111},{\"@type\":\"BreadcrumbList\",\"@id\":\"https:\/\/www.carlsuchy.com\/de\/carl-suchy-im-magazin-monocle\/#breadcrumb\",\"itemListElement\":[{\"@type\":\"ListItem\",\"position\":1,\"name\":\"Home\",\"item\":\"https:\/\/www.carlsuchy.com\/de\/\"},{\"@type\":\"ListItem\",\"position\":2,\"name\":\"CARL SUCHY IM MAGAZIN MONOCLE\"}]},{\"@type\":\"WebSite\",\"@id\":\"https:\/\/www.carlsuchy.com\/de\/#website\",\"url\":\"https:\/\/www.carlsuchy.com\/de\/\",\"name\":\"Carl Suchy &amp; S\u00f6hne\",\"description\":\"\",\"publisher\":{\"@id\":\"https:\/\/www.carlsuchy.com\/de\/#organization\"},\"potentialAction\":[{\"@type\":\"SearchAction\",\"target\":{\"@type\":\"EntryPoint\",\"urlTemplate\":\"https:\/\/www.carlsuchy.com\/de\/?s={search_term_string}\"},\"query-input\":{\"@type\":\"PropertyValueSpecification\",\"valueRequired\":true,\"valueName\":\"search_term_string\"}}],\"inLanguage\":\"de\"},{\"@type\":\"Organization\",\"@id\":\"https:\/\/www.carlsuchy.com\/de\/#organization\",\"name\":\"Carl Suchy & S\u00f6hne\",\"url\":\"https:\/\/www.carlsuchy.com\/de\/\",\"logo\":{\"@type\":\"ImageObject\",\"inLanguage\":\"de\",\"@id\":\"https:\/\/www.carlsuchy.com\/de\/#\/schema\/logo\/image\/\",\"url\":\"https:\/\/www.carlsuchy.com\/wp-content\/uploads\/2018\/05\/logo.svg\",\"contentUrl\":\"https:\/\/www.carlsuchy.com\/wp-content\/uploads\/2018\/05\/logo.svg\",\"width\":1,\"height\":1,\"caption\":\"Carl Suchy & S\u00f6hne\"},\"image\":{\"@id\":\"https:\/\/www.carlsuchy.com\/de\/#\/schema\/logo\/image\/\"},\"sameAs\":[\"https:\/\/www.facebook.com\/carlsuchy\/\",\"https:\/\/www.instagram.com\/carlsuchy\/?hl=de\",\"https:\/\/www.linkedin.com\/company\/carl-suchy-&amp;-s\u00f6hne\/\",\"https:\/\/www.pinterest.de\/carlsuchy1822\/\",\"https:\/\/www.youtube.com\/channel\/UCiaaduvFGuyeWS7ZUOXxGSA\"]},{\"@type\":\"Person\",\"@id\":\"https:\/\/www.carlsuchy.com\/de\/#\/schema\/person\/05f27e0942e759111c4907f28a160669\",\"name\":\"Rein\"}]}<\/script>\n<!-- \/ Yoast SEO plugin. -->","yoast_head_json":{"title":"CARL SUCHY IM MAGAZIN MONOCLE &#8211; Carl Suchy &amp; S\u00f6hne","description":"Carl Suchy &amp; S\u00f6hne &#8211; Das f\u00fchrende Lifestyle-Magazin berichtet \u00fcber die erfolgreiche Neueinf\u00fchrung von Carl Suchy &amp; S\u00f6hne, einer der f\u00fchrenden Uhren- und","robots":{"index":"index","follow":"follow","max-snippet":"max-snippet:-1","max-image-preview":"max-image-preview:large","max-video-preview":"max-video-preview:-1"},"canonical":"https:\/\/www.carlsuchy.com\/de\/carl-suchy-im-magazin-monocle\/","og_locale":"de_DE","og_type":"article","og_title":"CARL SUCHY IM MAGAZIN MONOCLE &#8211; Carl Suchy &amp; S\u00f6hne","og_description":"Carl Suchy &amp; S\u00f6hne &#8211; Das f\u00fchrende Lifestyle-Magazin berichtet \u00fcber die erfolgreiche Neueinf\u00fchrung von Carl Suchy &amp; S\u00f6hne, einer der f\u00fchrenden Uhren- und","og_url":"https:\/\/www.carlsuchy.com\/de\/carl-suchy-im-magazin-monocle\/","og_site_name":"Carl Suchy &amp; S\u00f6hne","article_publisher":"https:\/\/www.facebook.com\/carlsuchy\/","article_published_time":"2016-05-25T10:38:23+00:00","article_modified_time":"2016-06-01T08:21:51+00:00","og_image":[{"width":1200,"height":1111,"url":"https:\/\/www.carlsuchy.com\/wp-content\/uploads\/2016\/04\/collage.jpg","type":"image\/jpeg"}],"author":"Rein","twitter_card":"summary_large_image","twitter_misc":{"Verfasst von":"Rein"},"schema":{"@context":"https:\/\/schema.org","@graph":[{"@type":"Article","@id":"https:\/\/www.carlsuchy.com\/de\/carl-suchy-im-magazin-monocle\/#article","isPartOf":{"@id":"https:\/\/www.carlsuchy.com\/de\/carl-suchy-im-magazin-monocle\/"},"author":{"name":"Rein","@id":"https:\/\/www.carlsuchy.com\/de\/#\/schema\/person\/05f27e0942e759111c4907f28a160669"},"headline":"CARL SUCHY IM MAGAZIN MONOCLE","datePublished":"2016-05-25T10:38:23+00:00","dateModified":"2016-06-01T08:21:51+00:00","mainEntityOfPage":{"@id":"https:\/\/www.carlsuchy.com\/de\/carl-suchy-im-magazin-monocle\/"},"wordCount":69,"publisher":{"@id":"https:\/\/www.carlsuchy.com\/de\/#organization"},"image":{"@id":"https:\/\/www.carlsuchy.com\/de\/carl-suchy-im-magazin-monocle\/#primaryimage"},"thumbnailUrl":"https:\/\/www.carlsuchy.com\/wp-content\/uploads\/2016\/04\/collage.jpg","articleSection":["Unkategorisiert"],"inLanguage":"de"},{"@type":"WebPage","@id":"https:\/\/www.carlsuchy.com\/de\/carl-suchy-im-magazin-monocle\/","url":"https:\/\/www.carlsuchy.com\/de\/carl-suchy-im-magazin-monocle\/","name":"CARL SUCHY IM MAGAZIN MONOCLE &#8211; Carl Suchy &amp; S\u00f6hne","isPartOf":{"@id":"https:\/\/www.carlsuchy.com\/de\/#website"},"primaryImageOfPage":{"@id":"https:\/\/www.carlsuchy.com\/de\/carl-suchy-im-magazin-monocle\/#primaryimage"},"image":{"@id":"https:\/\/www.carlsuchy.com\/de\/carl-suchy-im-magazin-monocle\/#primaryimage"},"thumbnailUrl":"https:\/\/www.carlsuchy.com\/wp-content\/uploads\/2016\/04\/collage.jpg","datePublished":"2016-05-25T10:38:23+00:00","dateModified":"2016-06-01T08:21:51+00:00","description":"Carl Suchy &amp; S\u00f6hne &#8211; Das f\u00fchrende Lifestyle-Magazin berichtet \u00fcber die erfolgreiche Neueinf\u00fchrung von Carl Suchy &amp; S\u00f6hne, einer der f\u00fchrenden Uhren- und","breadcrumb":{"@id":"https:\/\/www.carlsuchy.com\/de\/carl-suchy-im-magazin-monocle\/#breadcrumb"},"inLanguage":"de","potentialAction":[{"@type":"ReadAction","target":["https:\/\/www.carlsuchy.com\/de\/carl-suchy-im-magazin-monocle\/"]}]},{"@type":"ImageObject","inLanguage":"de","@id":"https:\/\/www.carlsuchy.com\/de\/carl-suchy-im-magazin-monocle\/#primaryimage","url":"https:\/\/www.carlsuchy.com\/wp-content\/uploads\/2016\/04\/collage.jpg","contentUrl":"https:\/\/www.carlsuchy.com\/wp-content\/uploads\/2016\/04\/collage.jpg","width":1200,"height":1111},{"@type":"BreadcrumbList","@id":"https:\/\/www.carlsuchy.com\/de\/carl-suchy-im-magazin-monocle\/#breadcrumb","itemListElement":[{"@type":"ListItem","position":1,"name":"Home","item":"https:\/\/www.carlsuchy.com\/de\/"},{"@type":"ListItem","position":2,"name":"CARL SUCHY IM MAGAZIN MONOCLE"}]},{"@type":"WebSite","@id":"https:\/\/www.carlsuchy.com\/de\/#website","url":"https:\/\/www.carlsuchy.com\/de\/","name":"Carl Suchy &amp; S\u00f6hne","description":"","publisher":{"@id":"https:\/\/www.carlsuchy.com\/de\/#organization"},"potentialAction":[{"@type":"SearchAction","target":{"@type":"EntryPoint","urlTemplate":"https:\/\/www.carlsuchy.com\/de\/?s={search_term_string}"},"query-input":{"@type":"PropertyValueSpecification","valueRequired":true,"valueName":"search_term_string"}}],"inLanguage":"de"},{"@type":"Organization","@id":"https:\/\/www.carlsuchy.com\/de\/#organization","name":"Carl Suchy & S\u00f6hne","url":"https:\/\/www.carlsuchy.com\/de\/","logo":{"@type":"ImageObject","inLanguage":"de","@id":"https:\/\/www.carlsuchy.com\/de\/#\/schema\/logo\/image\/","url":"https:\/\/www.carlsuchy.com\/wp-content\/uploads\/2018\/05\/logo.svg","contentUrl":"https:\/\/www.carlsuchy.com\/wp-content\/uploads\/2018\/05\/logo.svg","width":1,"height":1,"caption":"Carl Suchy & S\u00f6hne"},"image":{"@id":"https:\/\/www.carlsuchy.com\/de\/#\/schema\/logo\/image\/"},"sameAs":["https:\/\/www.facebook.com\/carlsuchy\/","https:\/\/www.instagram.com\/carlsuchy\/?hl=de","https:\/\/www.linkedin.com\/company\/carl-suchy-&amp;-s\u00f6hne\/","https:\/\/www.pinterest.de\/carlsuchy1822\/","https:\/\/www.youtube.com\/channel\/UCiaaduvFGuyeWS7ZUOXxGSA"]},{"@type":"Person","@id":"https:\/\/www.carlsuchy.com\/de\/#\/schema\/person\/05f27e0942e759111c4907f28a160669","name":"Rein"}]}},"_links":{"self":[{"href":"https:\/\/www.carlsuchy.com\/de\/wp-json\/wp\/v2\/posts\/586"}],"collection":[{"href":"https:\/\/www.carlsuchy.com\/de\/wp-json\/wp\/v2\/posts"}],"about":[{"href":"https:\/\/www.carlsuchy.com\/de\/wp-json\/wp\/v2\/types\/post"}],"author":[{"embeddable":true,"href":"https:\/\/www.carlsuchy.com\/de\/wp-json\/wp\/v2\/users\/2"}],"replies":[{"embeddable":true,"href":"https:\/\/www.carlsuchy.com\/de\/wp-json\/wp\/v2\/comments?post=586"}],"version-history":[{"count":0,"href":"https:\/\/www.carlsuchy.com\/de\/wp-json\/wp\/v2\/posts\/586\/revisions"}],"wp:featuredmedia":[{"embeddable":true,"href":"https:\/\/www.carlsuchy.com\/de\/wp-json\/wp\/v2\/media\/557"}],"wp:attachment":[{"href":"https:\/\/www.carlsuchy.com\/de\/wp-json\/wp\/v2\/media?parent=586"}],"wp:term":[{"taxonomy":"category","embeddable":true,"href":"https:\/\/www.carlsuchy.com\/de\/wp-json\/wp\/v2\/categories?post=586"},{"taxonomy":"post_tag","embeddable":true,"href":"https:\/\/www.carlsuchy.com\/de\/wp-json\/wp\/v2\/tags?post=586"}],"curies":[{"name":"wp","href":"https:\/\/api.w.org\/{rel}","templated":true}]}}