


{"id":6936,"date":"2021-04-07T06:59:38","date_gmt":"2021-04-07T06:59:38","guid":{"rendered":"https:\/\/www.carlsuchy.com\/?p=6936"},"modified":"2021-04-19T07:01:53","modified_gmt":"2021-04-19T07:01:53","slug":"universal-watch-fair-carly-suchy-x-chrono-theory","status":"publish","type":"post","link":"https:\/\/www.carlsuchy.com\/de\/universal-watch-fair-carly-suchy-x-chrono-theory\/","title":{"rendered":"Universal Watch Fair: Carl Suchy x Chrono Theory"},"content":{"rendered":"<p>Die \u00f6sterreichische Luxusuhrenmarke Carl Suchy &amp; S\u00f6hne freut sich, ihre Teilnahme an der \u201eUniversal Watch Fair\u201c vom 7. bis 13. April 2021 bekannt zu geben.<\/p>\n<p>Die Veranstaltung findet im Erdgeschoss des Hauptgeb\u00e4udes des ber\u00fchmten Einkaufszentrums Ginza Mitsukoshi statt.<\/p>\n<p>Wir laden herzlich alle Uhrenliebhaber und \u00d6sterreich-Fans dazu ein, die streng limitierte Kollektion handgefertigter Automatikuhren bei einem der gr\u00f6\u00dften Uhrenereignisse seit mehr als einem Jahr zu entdecken.<\/p>\n<p>&nbsp;<\/p>\n<p><strong>SAVE THE DATE<\/strong><\/p>\n<p>Universal Watch Fair<\/p>\n<p>7.-13. April 2021<\/p>\n<p>MITSUKOSHI Ginza<\/p>\n<p>4 Chome-6-16 Ginza, Chuo City, Tokyo 104-8212, Japan<\/p>\n","protected":false},"excerpt":{"rendered":"<p>Die \u00f6sterreichische Luxusuhrenmarke Carl Suchy &amp; S\u00f6hne freut sich, ihre Teilnahme an der \u201eUniversal Watch Fair\u201c vom 7. bis 13. April 2021 bekannt zu geben. Die Veranstaltung findet im Erdgeschoss des Hauptgeb\u00e4udes des ber\u00fchmten Einkaufszentrums Ginza Mitsukoshi statt. Wir laden herzlich alle Uhrenliebhaber und \u00d6sterreich-Fans dazu ein, die streng limitierte Kollektion handgefertigter Automatikuhren bei einem der gr\u00f6\u00dften Uhrenereignisse seit mehr als einem Jahr zu entdecken. &nbsp; SAVE THE DATE Universal Watch Fair 7.-13. April 2021 MITSUKOSHI Ginza 4 Chome-6-16 Ginza, Chuo City, Tokyo 104-8212, Japan<\/p>\n","protected":false},"author":7,"featured_media":6934,"comment_status":"closed","ping_status":"closed","sticky":false,"template":"","format":"standard","meta":{"_acf_changed":false,"content-type":"","footnotes":""},"categories":[3],"tags":[],"acf":[],"yoast_head":"<!-- This site is optimized with the Yoast SEO plugin v23.5 - https:\/\/yoast.com\/wordpress\/plugins\/seo\/ -->\n<title>Universal Watch Fair: Carl Suchy x Chrono Theory &#8211; Carl Suchy &amp; S\u00f6hne<\/title>\n<meta name=\"description\" content=\"Carl Suchy &amp; S\u00f6hne &#8211; Die \u00f6sterreichische Luxusuhrenmarke Carl Suchy &amp; S\u00f6hne freut sich, ihre Teilnahme an der \u201eUniversal Watch Fair\u201c vom 7. bis 13. April 2021 bekannt zu\" \/>\n<meta name=\"robots\" content=\"index, follow, max-snippet:-1, max-image-preview:large, max-video-preview:-1\" \/>\n<link rel=\"canonical\" href=\"https:\/\/www.carlsuchy.com\/de\/universal-watch-fair-carly-suchy-x-chrono-theory\/\" \/>\n<meta property=\"og:locale\" content=\"de_DE\" \/>\n<meta property=\"og:type\" content=\"article\" \/>\n<meta property=\"og:title\" content=\"Universal Watch Fair: Carl Suchy x Chrono Theory &#8211; Carl Suchy &amp; S\u00f6hne\" \/>\n<meta property=\"og:description\" content=\"Carl Suchy &amp; S\u00f6hne &#8211; Die \u00f6sterreichische Luxusuhrenmarke Carl Suchy &amp; S\u00f6hne freut sich, ihre Teilnahme an der \u201eUniversal Watch Fair\u201c vom 7. bis 13. April 2021 bekannt zu\" \/>\n<meta property=\"og:url\" content=\"https:\/\/www.carlsuchy.com\/de\/universal-watch-fair-carly-suchy-x-chrono-theory\/\" \/>\n<meta property=\"og:site_name\" content=\"Carl Suchy &amp; S\u00f6hne\" \/>\n<meta property=\"article:publisher\" content=\"https:\/\/www.facebook.com\/carlsuchy\/\" \/>\n<meta property=\"article:published_time\" content=\"2021-04-07T06:59:38+00:00\" \/>\n<meta property=\"article:modified_time\" content=\"2021-04-19T07:01:53+00:00\" \/>\n<meta property=\"og:image\" content=\"https:\/\/www.carlsuchy.com\/wp-content\/uploads\/2021\/04\/CS-Newsletter-Japan-Event-SM2.jpg\" \/>\n\t<meta property=\"og:image:width\" content=\"1080\" \/>\n\t<meta property=\"og:image:height\" content=\"1080\" \/>\n\t<meta property=\"og:image:type\" content=\"image\/jpeg\" \/>\n<meta name=\"author\" content=\"Joe Fritsch\" \/>\n<meta name=\"twitter:card\" content=\"summary_large_image\" \/>\n<meta name=\"twitter:label1\" content=\"Verfasst von\" \/>\n\t<meta name=\"twitter:data1\" content=\"Joe Fritsch\" \/>\n<script type=\"application\/ld+json\" class=\"yoast-schema-graph\">{\"@context\":\"https:\/\/schema.org\",\"@graph\":[{\"@type\":\"Article\",\"@id\":\"https:\/\/www.carlsuchy.com\/de\/universal-watch-fair-carly-suchy-x-chrono-theory\/#article\",\"isPartOf\":{\"@id\":\"https:\/\/www.carlsuchy.com\/de\/universal-watch-fair-carly-suchy-x-chrono-theory\/\"},\"author\":{\"name\":\"Joe Fritsch\",\"@id\":\"https:\/\/www.carlsuchy.com\/de\/#\/schema\/person\/60c299fc592e7ae0433a81f9f102cb5f\"},\"headline\":\"Universal Watch Fair: Carl Suchy x Chrono Theory\",\"datePublished\":\"2021-04-07T06:59:38+00:00\",\"dateModified\":\"2021-04-19T07:01:53+00:00\",\"mainEntityOfPage\":{\"@id\":\"https:\/\/www.carlsuchy.com\/de\/universal-watch-fair-carly-suchy-x-chrono-theory\/\"},\"wordCount\":93,\"publisher\":{\"@id\":\"https:\/\/www.carlsuchy.com\/de\/#organization\"},\"image\":{\"@id\":\"https:\/\/www.carlsuchy.com\/de\/universal-watch-fair-carly-suchy-x-chrono-theory\/#primaryimage\"},\"thumbnailUrl\":\"https:\/\/www.carlsuchy.com\/wp-content\/uploads\/2021\/04\/CS-Newsletter-Japan-Event-SM2.jpg\",\"articleSection\":[\"Unkategorisiert\"],\"inLanguage\":\"de\"},{\"@type\":\"WebPage\",\"@id\":\"https:\/\/www.carlsuchy.com\/de\/universal-watch-fair-carly-suchy-x-chrono-theory\/\",\"url\":\"https:\/\/www.carlsuchy.com\/de\/universal-watch-fair-carly-suchy-x-chrono-theory\/\",\"name\":\"Universal Watch Fair: Carl Suchy x Chrono Theory &#8211; Carl Suchy &amp; S\u00f6hne\",\"isPartOf\":{\"@id\":\"https:\/\/www.carlsuchy.com\/de\/#website\"},\"primaryImageOfPage\":{\"@id\":\"https:\/\/www.carlsuchy.com\/de\/universal-watch-fair-carly-suchy-x-chrono-theory\/#primaryimage\"},\"image\":{\"@id\":\"https:\/\/www.carlsuchy.com\/de\/universal-watch-fair-carly-suchy-x-chrono-theory\/#primaryimage\"},\"thumbnailUrl\":\"https:\/\/www.carlsuchy.com\/wp-content\/uploads\/2021\/04\/CS-Newsletter-Japan-Event-SM2.jpg\",\"datePublished\":\"2021-04-07T06:59:38+00:00\",\"dateModified\":\"2021-04-19T07:01:53+00:00\",\"description\":\"Carl Suchy &amp; S\u00f6hne &#8211; Die \u00f6sterreichische Luxusuhrenmarke Carl Suchy &amp; S\u00f6hne freut sich, ihre Teilnahme an der \u201eUniversal Watch Fair\u201c vom 7. bis 13. April 2021 bekannt zu\",\"breadcrumb\":{\"@id\":\"https:\/\/www.carlsuchy.com\/de\/universal-watch-fair-carly-suchy-x-chrono-theory\/#breadcrumb\"},\"inLanguage\":\"de\",\"potentialAction\":[{\"@type\":\"ReadAction\",\"target\":[\"https:\/\/www.carlsuchy.com\/de\/universal-watch-fair-carly-suchy-x-chrono-theory\/\"]}]},{\"@type\":\"ImageObject\",\"inLanguage\":\"de\",\"@id\":\"https:\/\/www.carlsuchy.com\/de\/universal-watch-fair-carly-suchy-x-chrono-theory\/#primaryimage\",\"url\":\"https:\/\/www.carlsuchy.com\/wp-content\/uploads\/2021\/04\/CS-Newsletter-Japan-Event-SM2.jpg\",\"contentUrl\":\"https:\/\/www.carlsuchy.com\/wp-content\/uploads\/2021\/04\/CS-Newsletter-Japan-Event-SM2.jpg\",\"width\":1080,\"height\":1080},{\"@type\":\"BreadcrumbList\",\"@id\":\"https:\/\/www.carlsuchy.com\/de\/universal-watch-fair-carly-suchy-x-chrono-theory\/#breadcrumb\",\"itemListElement\":[{\"@type\":\"ListItem\",\"position\":1,\"name\":\"Home\",\"item\":\"https:\/\/www.carlsuchy.com\/de\/\"},{\"@type\":\"ListItem\",\"position\":2,\"name\":\"Universal Watch Fair: Carl Suchy x Chrono Theory\"}]},{\"@type\":\"WebSite\",\"@id\":\"https:\/\/www.carlsuchy.com\/de\/#website\",\"url\":\"https:\/\/www.carlsuchy.com\/de\/\",\"name\":\"Carl Suchy &amp; S\u00f6hne\",\"description\":\"\",\"publisher\":{\"@id\":\"https:\/\/www.carlsuchy.com\/de\/#organization\"},\"potentialAction\":[{\"@type\":\"SearchAction\",\"target\":{\"@type\":\"EntryPoint\",\"urlTemplate\":\"https:\/\/www.carlsuchy.com\/de\/?s={search_term_string}\"},\"query-input\":{\"@type\":\"PropertyValueSpecification\",\"valueRequired\":true,\"valueName\":\"search_term_string\"}}],\"inLanguage\":\"de\"},{\"@type\":\"Organization\",\"@id\":\"https:\/\/www.carlsuchy.com\/de\/#organization\",\"name\":\"Carl Suchy & S\u00f6hne\",\"url\":\"https:\/\/www.carlsuchy.com\/de\/\",\"logo\":{\"@type\":\"ImageObject\",\"inLanguage\":\"de\",\"@id\":\"https:\/\/www.carlsuchy.com\/de\/#\/schema\/logo\/image\/\",\"url\":\"https:\/\/www.carlsuchy.com\/wp-content\/uploads\/2018\/05\/logo.svg\",\"contentUrl\":\"https:\/\/www.carlsuchy.com\/wp-content\/uploads\/2018\/05\/logo.svg\",\"width\":1,\"height\":1,\"caption\":\"Carl Suchy & S\u00f6hne\"},\"image\":{\"@id\":\"https:\/\/www.carlsuchy.com\/de\/#\/schema\/logo\/image\/\"},\"sameAs\":[\"https:\/\/www.facebook.com\/carlsuchy\/\",\"https:\/\/www.instagram.com\/carlsuchy\/?hl=de\",\"https:\/\/www.linkedin.com\/company\/carl-suchy-&amp;-s\u00f6hne\/\",\"https:\/\/www.pinterest.de\/carlsuchy1822\/\",\"https:\/\/www.youtube.com\/channel\/UCiaaduvFGuyeWS7ZUOXxGSA\"]},{\"@type\":\"Person\",\"@id\":\"https:\/\/www.carlsuchy.com\/de\/#\/schema\/person\/60c299fc592e7ae0433a81f9f102cb5f\",\"name\":\"Joe Fritsch\"}]}<\/script>\n<!-- \/ Yoast SEO plugin. -->","yoast_head_json":{"title":"Universal Watch Fair: Carl Suchy x Chrono Theory &#8211; Carl Suchy &amp; S\u00f6hne","description":"Carl Suchy &amp; S\u00f6hne &#8211; Die \u00f6sterreichische Luxusuhrenmarke Carl Suchy &amp; S\u00f6hne freut sich, ihre Teilnahme an der \u201eUniversal Watch Fair\u201c vom 7. bis 13. April 2021 bekannt zu","robots":{"index":"index","follow":"follow","max-snippet":"max-snippet:-1","max-image-preview":"max-image-preview:large","max-video-preview":"max-video-preview:-1"},"canonical":"https:\/\/www.carlsuchy.com\/de\/universal-watch-fair-carly-suchy-x-chrono-theory\/","og_locale":"de_DE","og_type":"article","og_title":"Universal Watch Fair: Carl Suchy x Chrono Theory &#8211; Carl Suchy &amp; S\u00f6hne","og_description":"Carl Suchy &amp; S\u00f6hne &#8211; Die \u00f6sterreichische Luxusuhrenmarke Carl Suchy &amp; S\u00f6hne freut sich, ihre Teilnahme an der \u201eUniversal Watch Fair\u201c vom 7. bis 13. April 2021 bekannt zu","og_url":"https:\/\/www.carlsuchy.com\/de\/universal-watch-fair-carly-suchy-x-chrono-theory\/","og_site_name":"Carl Suchy &amp; S\u00f6hne","article_publisher":"https:\/\/www.facebook.com\/carlsuchy\/","article_published_time":"2021-04-07T06:59:38+00:00","article_modified_time":"2021-04-19T07:01:53+00:00","og_image":[{"width":1080,"height":1080,"url":"https:\/\/www.carlsuchy.com\/wp-content\/uploads\/2021\/04\/CS-Newsletter-Japan-Event-SM2.jpg","type":"image\/jpeg"}],"author":"Joe Fritsch","twitter_card":"summary_large_image","twitter_misc":{"Verfasst von":"Joe Fritsch"},"schema":{"@context":"https:\/\/schema.org","@graph":[{"@type":"Article","@id":"https:\/\/www.carlsuchy.com\/de\/universal-watch-fair-carly-suchy-x-chrono-theory\/#article","isPartOf":{"@id":"https:\/\/www.carlsuchy.com\/de\/universal-watch-fair-carly-suchy-x-chrono-theory\/"},"author":{"name":"Joe Fritsch","@id":"https:\/\/www.carlsuchy.com\/de\/#\/schema\/person\/60c299fc592e7ae0433a81f9f102cb5f"},"headline":"Universal Watch Fair: Carl Suchy x Chrono Theory","datePublished":"2021-04-07T06:59:38+00:00","dateModified":"2021-04-19T07:01:53+00:00","mainEntityOfPage":{"@id":"https:\/\/www.carlsuchy.com\/de\/universal-watch-fair-carly-suchy-x-chrono-theory\/"},"wordCount":93,"publisher":{"@id":"https:\/\/www.carlsuchy.com\/de\/#organization"},"image":{"@id":"https:\/\/www.carlsuchy.com\/de\/universal-watch-fair-carly-suchy-x-chrono-theory\/#primaryimage"},"thumbnailUrl":"https:\/\/www.carlsuchy.com\/wp-content\/uploads\/2021\/04\/CS-Newsletter-Japan-Event-SM2.jpg","articleSection":["Unkategorisiert"],"inLanguage":"de"},{"@type":"WebPage","@id":"https:\/\/www.carlsuchy.com\/de\/universal-watch-fair-carly-suchy-x-chrono-theory\/","url":"https:\/\/www.carlsuchy.com\/de\/universal-watch-fair-carly-suchy-x-chrono-theory\/","name":"Universal Watch Fair: Carl Suchy x Chrono Theory &#8211; Carl Suchy &amp; S\u00f6hne","isPartOf":{"@id":"https:\/\/www.carlsuchy.com\/de\/#website"},"primaryImageOfPage":{"@id":"https:\/\/www.carlsuchy.com\/de\/universal-watch-fair-carly-suchy-x-chrono-theory\/#primaryimage"},"image":{"@id":"https:\/\/www.carlsuchy.com\/de\/universal-watch-fair-carly-suchy-x-chrono-theory\/#primaryimage"},"thumbnailUrl":"https:\/\/www.carlsuchy.com\/wp-content\/uploads\/2021\/04\/CS-Newsletter-Japan-Event-SM2.jpg","datePublished":"2021-04-07T06:59:38+00:00","dateModified":"2021-04-19T07:01:53+00:00","description":"Carl Suchy &amp; S\u00f6hne &#8211; Die \u00f6sterreichische Luxusuhrenmarke Carl Suchy &amp; S\u00f6hne freut sich, ihre Teilnahme an der \u201eUniversal Watch Fair\u201c vom 7. bis 13. April 2021 bekannt zu","breadcrumb":{"@id":"https:\/\/www.carlsuchy.com\/de\/universal-watch-fair-carly-suchy-x-chrono-theory\/#breadcrumb"},"inLanguage":"de","potentialAction":[{"@type":"ReadAction","target":["https:\/\/www.carlsuchy.com\/de\/universal-watch-fair-carly-suchy-x-chrono-theory\/"]}]},{"@type":"ImageObject","inLanguage":"de","@id":"https:\/\/www.carlsuchy.com\/de\/universal-watch-fair-carly-suchy-x-chrono-theory\/#primaryimage","url":"https:\/\/www.carlsuchy.com\/wp-content\/uploads\/2021\/04\/CS-Newsletter-Japan-Event-SM2.jpg","contentUrl":"https:\/\/www.carlsuchy.com\/wp-content\/uploads\/2021\/04\/CS-Newsletter-Japan-Event-SM2.jpg","width":1080,"height":1080},{"@type":"BreadcrumbList","@id":"https:\/\/www.carlsuchy.com\/de\/universal-watch-fair-carly-suchy-x-chrono-theory\/#breadcrumb","itemListElement":[{"@type":"ListItem","position":1,"name":"Home","item":"https:\/\/www.carlsuchy.com\/de\/"},{"@type":"ListItem","position":2,"name":"Universal Watch Fair: Carl Suchy x Chrono Theory"}]},{"@type":"WebSite","@id":"https:\/\/www.carlsuchy.com\/de\/#website","url":"https:\/\/www.carlsuchy.com\/de\/","name":"Carl Suchy &amp; S\u00f6hne","description":"","publisher":{"@id":"https:\/\/www.carlsuchy.com\/de\/#organization"},"potentialAction":[{"@type":"SearchAction","target":{"@type":"EntryPoint","urlTemplate":"https:\/\/www.carlsuchy.com\/de\/?s={search_term_string}"},"query-input":{"@type":"PropertyValueSpecification","valueRequired":true,"valueName":"search_term_string"}}],"inLanguage":"de"},{"@type":"Organization","@id":"https:\/\/www.carlsuchy.com\/de\/#organization","name":"Carl Suchy & S\u00f6hne","url":"https:\/\/www.carlsuchy.com\/de\/","logo":{"@type":"ImageObject","inLanguage":"de","@id":"https:\/\/www.carlsuchy.com\/de\/#\/schema\/logo\/image\/","url":"https:\/\/www.carlsuchy.com\/wp-content\/uploads\/2018\/05\/logo.svg","contentUrl":"https:\/\/www.carlsuchy.com\/wp-content\/uploads\/2018\/05\/logo.svg","width":1,"height":1,"caption":"Carl Suchy & S\u00f6hne"},"image":{"@id":"https:\/\/www.carlsuchy.com\/de\/#\/schema\/logo\/image\/"},"sameAs":["https:\/\/www.facebook.com\/carlsuchy\/","https:\/\/www.instagram.com\/carlsuchy\/?hl=de","https:\/\/www.linkedin.com\/company\/carl-suchy-&amp;-s\u00f6hne\/","https:\/\/www.pinterest.de\/carlsuchy1822\/","https:\/\/www.youtube.com\/channel\/UCiaaduvFGuyeWS7ZUOXxGSA"]},{"@type":"Person","@id":"https:\/\/www.carlsuchy.com\/de\/#\/schema\/person\/60c299fc592e7ae0433a81f9f102cb5f","name":"Joe Fritsch"}]}},"_links":{"self":[{"href":"https:\/\/www.carlsuchy.com\/de\/wp-json\/wp\/v2\/posts\/6936"}],"collection":[{"href":"https:\/\/www.carlsuchy.com\/de\/wp-json\/wp\/v2\/posts"}],"about":[{"href":"https:\/\/www.carlsuchy.com\/de\/wp-json\/wp\/v2\/types\/post"}],"author":[{"embeddable":true,"href":"https:\/\/www.carlsuchy.com\/de\/wp-json\/wp\/v2\/users\/7"}],"replies":[{"embeddable":true,"href":"https:\/\/www.carlsuchy.com\/de\/wp-json\/wp\/v2\/comments?post=6936"}],"version-history":[{"count":2,"href":"https:\/\/www.carlsuchy.com\/de\/wp-json\/wp\/v2\/posts\/6936\/revisions"}],"predecessor-version":[{"id":6938,"href":"https:\/\/www.carlsuchy.com\/de\/wp-json\/wp\/v2\/posts\/6936\/revisions\/6938"}],"wp:featuredmedia":[{"embeddable":true,"href":"https:\/\/www.carlsuchy.com\/de\/wp-json\/wp\/v2\/media\/6934"}],"wp:attachment":[{"href":"https:\/\/www.carlsuchy.com\/de\/wp-json\/wp\/v2\/media?parent=6936"}],"wp:term":[{"taxonomy":"category","embeddable":true,"href":"https:\/\/www.carlsuchy.com\/de\/wp-json\/wp\/v2\/categories?post=6936"},{"taxonomy":"post_tag","embeddable":true,"href":"https:\/\/www.carlsuchy.com\/de\/wp-json\/wp\/v2\/tags?post=6936"}],"curies":[{"name":"wp","href":"https:\/\/api.w.org\/{rel}","templated":true}]}}