


{"id":7004,"date":"2021-05-27T10:16:13","date_gmt":"2021-05-27T10:16:13","guid":{"rendered":"https:\/\/www.carlsuchy.com\/?p=7004"},"modified":"2021-05-27T10:16:13","modified_gmt":"2021-05-27T10:16:13","slug":"ueber-kunst-zeit-und-uhren","status":"publish","type":"post","link":"https:\/\/www.carlsuchy.com\/de\/ueber-kunst-zeit-und-uhren\/","title":{"rendered":"\u00dcber Kunst, Zeit und Uhren\u2026\u00a0"},"content":{"rendered":"<div class=\"\"><span class=\"VIiyi\" lang=\"de\">Carl Suchy &amp; S\u00f6hne l\u00e4dt Sie herzlich\u00a0<\/span>am 8. Juni 2021 von 18 bis 20 Uhr beim Salon am Schwarzenbergplatz\u00a0<span class=\"VIiyi\" lang=\"de\">zu einem <b class=\"\">Wiener Salon zum Thema zeitgen\u00f6ssische Kunst und dem Luxusgut Zeit<\/b> ein.\u00a0<\/span><\/div>\n<div class=\"\"><\/div>\n<div class=\"\">Im ersten Live-Event nach dem Lockdown trifft sich der CEO und Eigent\u00fcmer von Carl Suchy &amp; S\u00f6hne, Robert Punkenhofer, mit der Schweizer K\u00fcnstlerin Nives Widauer zu einem Gespr\u00e4ch \u00fcber Kunst, Zeit und dem Handwerk der Uhrmacherei. Die in Wien lebende K\u00fcnstlerin Nives Widauer spielt in ihrer Arbeit mit der Schnittstelle zwischen Analogem und Digitalem. In den letzten Jahren erweiterte Widauer ihre Medien auf Malerei und Skulptur. Ihre Arbeiten wurden k\u00fcrzlich unter anderem im Kunsthaus Z\u00fcrich, im Belvedere Wien, im Kunsthistorischen Museum Wien, im \u00d6sterreichischen Kulturforum New York und dem SPSI Shanghai gezeigt. Als Schweizerin hat Widauer selbstredend reichlich Erfahrung mit der Uhrmacherei und wird mit Robert Punkenhofer ein Podiumsgespr\u00e4ch \u00fcber ihre Kunst, die Bedeutung von Zeit und die \u00f6sterreichisch-schweizerische Luxusuhrenmarke Carl Suchy &amp; S\u00f6hne f\u00fchren.<\/div>\n<div class=\"\"><\/div>\n<div class=\"\">Salon am Schwarzenbergplatz ist eine Initiative der Journalistin und Networkerin Nicole Adler. Wir m\u00f6chten uns herzlich bei ihr und Nives f\u00fcr die M\u00f6glichkeit der Teilnahme bedanken und freuen uns ganz besonders, Sie pers\u00f6nlich zu unserem Abend \u00fcber die sch\u00f6nen Dinge im Leben begr\u00fc\u00dfen zu d\u00fcrfen! Um Anmeldung wird gebeten.<\/div>\n<div class=\"\"><\/div>\n<div class=\"\">\n<div class=\"\" style=\"text-align: center;\"><em class=\"\">Save the Date<\/em><\/div>\n<div class=\"\" style=\"text-align: center;\"><em class=\"\">Salon am Schwarzenbergplatz<\/em><\/div>\n<div class=\"\" style=\"text-align: center;\"><em class=\"\">Schwarzenbergplatz 10\/2 Top 6<\/em><\/div>\n<div class=\"\" style=\"text-align: center;\"><em class=\"\">8. Juni 2021, 18-20 Uhr\u00a0<\/em><\/div>\n<div class=\"\" style=\"text-align: center;\"><span class=\"\" data-preserver-spaces=\"true\">Anmeldung bei\u00a0<\/span><span class=\"\" data-preserver-spaces=\"true\"><a class=\"\" href=\"mailto:office@carlsuchy.com\">office@carlsuchy.com<\/a><\/span><\/div>\n<\/div>\n","protected":false},"excerpt":{"rendered":"<p>Carl Suchy &amp; S\u00f6hne l\u00e4dt Sie herzlich\u00a0am 8. Juni 2021 von 18 bis 20 Uhr beim Salon am Schwarzenbergplatz\u00a0zu einem Wiener Salon zum Thema zeitgen\u00f6ssische Kunst und dem Luxusgut Zeit ein.\u00a0 Im ersten Live-Event nach dem Lockdown trifft sich der CEO und Eigent\u00fcmer von Carl Suchy &amp; S\u00f6hne, Robert Punkenhofer, mit der Schweizer K\u00fcnstlerin Nives Widauer zu einem Gespr\u00e4ch \u00fcber Kunst, Zeit und dem Handwerk der Uhrmacherei. Die in Wien lebende K\u00fcnstlerin Nives Widauer spielt in ihrer Arbeit mit der Schnittstelle zwischen Analogem und Digitalem. In den letzten Jahren erweiterte Widauer ihre Medien auf Malerei und Skulptur. Ihre Arbeiten wurden k\u00fcrzlich unter anderem im Kunsthaus Z\u00fcrich, im Belvedere Wien, im Kunsthistorischen Museum Wien, im \u00d6sterreichischen Kulturforum New York und dem SPSI Shanghai gezeigt. Als Schweizerin hat Widauer selbstredend reichlich Erfahrung mit der Uhrmacherei und wird mit Robert Punkenhofer ein Podiumsgespr\u00e4ch \u00fcber ihre Kunst, die Bedeutung von Zeit und die \u00f6sterreichisch-schweizerische Luxusuhrenmarke Carl Suchy &amp; S\u00f6hne f\u00fchren. Salon am Schwarzenbergplatz ist eine Initiative der Journalistin und Networkerin Nicole Adler. Wir m\u00f6chten uns herzlich bei ihr und Nives f\u00fcr die M\u00f6glichkeit der Teilnahme bedanken und freuen uns ganz besonders, Sie pers\u00f6nlich zu unserem Abend \u00fcber die sch\u00f6nen Dinge im Leben begr\u00fc\u00dfen zu [&hellip;]<\/p>\n","protected":false},"author":7,"featured_media":7005,"comment_status":"closed","ping_status":"closed","sticky":false,"template":"","format":"standard","meta":{"_acf_changed":false,"content-type":"","footnotes":""},"categories":[3],"tags":[],"acf":[],"yoast_head":"<!-- This site is optimized with the Yoast SEO plugin v23.5 - https:\/\/yoast.com\/wordpress\/plugins\/seo\/ -->\n<title>\u00dcber Kunst, Zeit und Uhren\u2026\u00a0 &#8211; Carl Suchy &amp; S\u00f6hne<\/title>\n<meta name=\"description\" content=\"Carl Suchy &amp; S\u00f6hne &#8211; Carl Suchy &amp; S\u00f6hne l\u00e4dt Sie herzlich\u00a0am 8. Juni 2021 von 18 bis 20 Uhr beim Salon am Schwarzenbergplatz\u00a0zu einem Wiener Salon zum Thema\" \/>\n<meta name=\"robots\" content=\"index, follow, max-snippet:-1, max-image-preview:large, max-video-preview:-1\" \/>\n<link rel=\"canonical\" href=\"https:\/\/www.carlsuchy.com\/de\/ueber-kunst-zeit-und-uhren\/\" \/>\n<meta property=\"og:locale\" content=\"de_DE\" \/>\n<meta property=\"og:type\" content=\"article\" \/>\n<meta property=\"og:title\" content=\"\u00dcber Kunst, Zeit und Uhren\u2026\u00a0 &#8211; Carl Suchy &amp; S\u00f6hne\" \/>\n<meta property=\"og:description\" content=\"Carl Suchy &amp; S\u00f6hne &#8211; Carl Suchy &amp; S\u00f6hne l\u00e4dt Sie herzlich\u00a0am 8. Juni 2021 von 18 bis 20 Uhr beim Salon am Schwarzenbergplatz\u00a0zu einem Wiener Salon zum Thema\" \/>\n<meta property=\"og:url\" content=\"https:\/\/www.carlsuchy.com\/de\/ueber-kunst-zeit-und-uhren\/\" \/>\n<meta property=\"og:site_name\" content=\"Carl Suchy &amp; S\u00f6hne\" \/>\n<meta property=\"article:publisher\" content=\"https:\/\/www.facebook.com\/carlsuchy\/\" \/>\n<meta property=\"article:published_time\" content=\"2021-05-27T10:16:13+00:00\" \/>\n<meta property=\"og:image\" content=\"https:\/\/www.carlsuchy.com\/wp-content\/uploads\/2021\/05\/CS-NivesWidauer-00.jpg\" \/>\n\t<meta property=\"og:image:width\" content=\"1080\" \/>\n\t<meta property=\"og:image:height\" content=\"1080\" \/>\n\t<meta property=\"og:image:type\" content=\"image\/jpeg\" \/>\n<meta name=\"author\" content=\"Joe Fritsch\" \/>\n<meta name=\"twitter:card\" content=\"summary_large_image\" \/>\n<meta name=\"twitter:label1\" content=\"Verfasst von\" \/>\n\t<meta name=\"twitter:data1\" content=\"Joe Fritsch\" \/>\n\t<meta name=\"twitter:label2\" content=\"Gesch\u00e4tzte Lesezeit\" \/>\n\t<meta name=\"twitter:data2\" content=\"1\u00a0Minute\" \/>\n<script type=\"application\/ld+json\" class=\"yoast-schema-graph\">{\"@context\":\"https:\/\/schema.org\",\"@graph\":[{\"@type\":\"Article\",\"@id\":\"https:\/\/www.carlsuchy.com\/de\/ueber-kunst-zeit-und-uhren\/#article\",\"isPartOf\":{\"@id\":\"https:\/\/www.carlsuchy.com\/de\/ueber-kunst-zeit-und-uhren\/\"},\"author\":{\"name\":\"Joe Fritsch\",\"@id\":\"https:\/\/www.carlsuchy.com\/de\/#\/schema\/person\/60c299fc592e7ae0433a81f9f102cb5f\"},\"headline\":\"\u00dcber Kunst, Zeit und Uhren\u2026\u00a0\",\"datePublished\":\"2021-05-27T10:16:13+00:00\",\"dateModified\":\"2021-05-27T10:16:13+00:00\",\"mainEntityOfPage\":{\"@id\":\"https:\/\/www.carlsuchy.com\/de\/ueber-kunst-zeit-und-uhren\/\"},\"wordCount\":244,\"publisher\":{\"@id\":\"https:\/\/www.carlsuchy.com\/de\/#organization\"},\"image\":{\"@id\":\"https:\/\/www.carlsuchy.com\/de\/ueber-kunst-zeit-und-uhren\/#primaryimage\"},\"thumbnailUrl\":\"https:\/\/www.carlsuchy.com\/wp-content\/uploads\/2021\/05\/CS-NivesWidauer-00.jpg\",\"articleSection\":[\"Unkategorisiert\"],\"inLanguage\":\"de\"},{\"@type\":\"WebPage\",\"@id\":\"https:\/\/www.carlsuchy.com\/de\/ueber-kunst-zeit-und-uhren\/\",\"url\":\"https:\/\/www.carlsuchy.com\/de\/ueber-kunst-zeit-und-uhren\/\",\"name\":\"\u00dcber Kunst, Zeit und Uhren\u2026\u00a0 &#8211; Carl Suchy &amp; S\u00f6hne\",\"isPartOf\":{\"@id\":\"https:\/\/www.carlsuchy.com\/de\/#website\"},\"primaryImageOfPage\":{\"@id\":\"https:\/\/www.carlsuchy.com\/de\/ueber-kunst-zeit-und-uhren\/#primaryimage\"},\"image\":{\"@id\":\"https:\/\/www.carlsuchy.com\/de\/ueber-kunst-zeit-und-uhren\/#primaryimage\"},\"thumbnailUrl\":\"https:\/\/www.carlsuchy.com\/wp-content\/uploads\/2021\/05\/CS-NivesWidauer-00.jpg\",\"datePublished\":\"2021-05-27T10:16:13+00:00\",\"dateModified\":\"2021-05-27T10:16:13+00:00\",\"description\":\"Carl Suchy &amp; S\u00f6hne &#8211; Carl Suchy &amp; S\u00f6hne l\u00e4dt Sie herzlich\u00a0am 8. Juni 2021 von 18 bis 20 Uhr beim Salon am Schwarzenbergplatz\u00a0zu einem Wiener Salon zum Thema\",\"breadcrumb\":{\"@id\":\"https:\/\/www.carlsuchy.com\/de\/ueber-kunst-zeit-und-uhren\/#breadcrumb\"},\"inLanguage\":\"de\",\"potentialAction\":[{\"@type\":\"ReadAction\",\"target\":[\"https:\/\/www.carlsuchy.com\/de\/ueber-kunst-zeit-und-uhren\/\"]}]},{\"@type\":\"ImageObject\",\"inLanguage\":\"de\",\"@id\":\"https:\/\/www.carlsuchy.com\/de\/ueber-kunst-zeit-und-uhren\/#primaryimage\",\"url\":\"https:\/\/www.carlsuchy.com\/wp-content\/uploads\/2021\/05\/CS-NivesWidauer-00.jpg\",\"contentUrl\":\"https:\/\/www.carlsuchy.com\/wp-content\/uploads\/2021\/05\/CS-NivesWidauer-00.jpg\",\"width\":1080,\"height\":1080},{\"@type\":\"BreadcrumbList\",\"@id\":\"https:\/\/www.carlsuchy.com\/de\/ueber-kunst-zeit-und-uhren\/#breadcrumb\",\"itemListElement\":[{\"@type\":\"ListItem\",\"position\":1,\"name\":\"Home\",\"item\":\"https:\/\/www.carlsuchy.com\/de\/\"},{\"@type\":\"ListItem\",\"position\":2,\"name\":\"\u00dcber Kunst, Zeit und Uhren\u2026\u00a0\"}]},{\"@type\":\"WebSite\",\"@id\":\"https:\/\/www.carlsuchy.com\/de\/#website\",\"url\":\"https:\/\/www.carlsuchy.com\/de\/\",\"name\":\"Carl Suchy &amp; S\u00f6hne\",\"description\":\"\",\"publisher\":{\"@id\":\"https:\/\/www.carlsuchy.com\/de\/#organization\"},\"potentialAction\":[{\"@type\":\"SearchAction\",\"target\":{\"@type\":\"EntryPoint\",\"urlTemplate\":\"https:\/\/www.carlsuchy.com\/de\/?s={search_term_string}\"},\"query-input\":{\"@type\":\"PropertyValueSpecification\",\"valueRequired\":true,\"valueName\":\"search_term_string\"}}],\"inLanguage\":\"de\"},{\"@type\":\"Organization\",\"@id\":\"https:\/\/www.carlsuchy.com\/de\/#organization\",\"name\":\"Carl Suchy & S\u00f6hne\",\"url\":\"https:\/\/www.carlsuchy.com\/de\/\",\"logo\":{\"@type\":\"ImageObject\",\"inLanguage\":\"de\",\"@id\":\"https:\/\/www.carlsuchy.com\/de\/#\/schema\/logo\/image\/\",\"url\":\"https:\/\/www.carlsuchy.com\/wp-content\/uploads\/2018\/05\/logo.svg\",\"contentUrl\":\"https:\/\/www.carlsuchy.com\/wp-content\/uploads\/2018\/05\/logo.svg\",\"width\":1,\"height\":1,\"caption\":\"Carl Suchy & S\u00f6hne\"},\"image\":{\"@id\":\"https:\/\/www.carlsuchy.com\/de\/#\/schema\/logo\/image\/\"},\"sameAs\":[\"https:\/\/www.facebook.com\/carlsuchy\/\",\"https:\/\/www.instagram.com\/carlsuchy\/?hl=de\",\"https:\/\/www.linkedin.com\/company\/carl-suchy-&amp;-s\u00f6hne\/\",\"https:\/\/www.pinterest.de\/carlsuchy1822\/\",\"https:\/\/www.youtube.com\/channel\/UCiaaduvFGuyeWS7ZUOXxGSA\"]},{\"@type\":\"Person\",\"@id\":\"https:\/\/www.carlsuchy.com\/de\/#\/schema\/person\/60c299fc592e7ae0433a81f9f102cb5f\",\"name\":\"Joe Fritsch\"}]}<\/script>\n<!-- \/ Yoast SEO plugin. -->","yoast_head_json":{"title":"\u00dcber Kunst, Zeit und Uhren\u2026\u00a0 &#8211; Carl Suchy &amp; S\u00f6hne","description":"Carl Suchy &amp; S\u00f6hne &#8211; Carl Suchy &amp; S\u00f6hne l\u00e4dt Sie herzlich\u00a0am 8. Juni 2021 von 18 bis 20 Uhr beim Salon am Schwarzenbergplatz\u00a0zu einem Wiener Salon zum Thema","robots":{"index":"index","follow":"follow","max-snippet":"max-snippet:-1","max-image-preview":"max-image-preview:large","max-video-preview":"max-video-preview:-1"},"canonical":"https:\/\/www.carlsuchy.com\/de\/ueber-kunst-zeit-und-uhren\/","og_locale":"de_DE","og_type":"article","og_title":"\u00dcber Kunst, Zeit und Uhren\u2026\u00a0 &#8211; Carl Suchy &amp; S\u00f6hne","og_description":"Carl Suchy &amp; S\u00f6hne &#8211; Carl Suchy &amp; S\u00f6hne l\u00e4dt Sie herzlich\u00a0am 8. Juni 2021 von 18 bis 20 Uhr beim Salon am Schwarzenbergplatz\u00a0zu einem Wiener Salon zum Thema","og_url":"https:\/\/www.carlsuchy.com\/de\/ueber-kunst-zeit-und-uhren\/","og_site_name":"Carl Suchy &amp; S\u00f6hne","article_publisher":"https:\/\/www.facebook.com\/carlsuchy\/","article_published_time":"2021-05-27T10:16:13+00:00","og_image":[{"width":1080,"height":1080,"url":"https:\/\/www.carlsuchy.com\/wp-content\/uploads\/2021\/05\/CS-NivesWidauer-00.jpg","type":"image\/jpeg"}],"author":"Joe Fritsch","twitter_card":"summary_large_image","twitter_misc":{"Verfasst von":"Joe Fritsch","Gesch\u00e4tzte Lesezeit":"1\u00a0Minute"},"schema":{"@context":"https:\/\/schema.org","@graph":[{"@type":"Article","@id":"https:\/\/www.carlsuchy.com\/de\/ueber-kunst-zeit-und-uhren\/#article","isPartOf":{"@id":"https:\/\/www.carlsuchy.com\/de\/ueber-kunst-zeit-und-uhren\/"},"author":{"name":"Joe Fritsch","@id":"https:\/\/www.carlsuchy.com\/de\/#\/schema\/person\/60c299fc592e7ae0433a81f9f102cb5f"},"headline":"\u00dcber Kunst, Zeit und Uhren\u2026\u00a0","datePublished":"2021-05-27T10:16:13+00:00","dateModified":"2021-05-27T10:16:13+00:00","mainEntityOfPage":{"@id":"https:\/\/www.carlsuchy.com\/de\/ueber-kunst-zeit-und-uhren\/"},"wordCount":244,"publisher":{"@id":"https:\/\/www.carlsuchy.com\/de\/#organization"},"image":{"@id":"https:\/\/www.carlsuchy.com\/de\/ueber-kunst-zeit-und-uhren\/#primaryimage"},"thumbnailUrl":"https:\/\/www.carlsuchy.com\/wp-content\/uploads\/2021\/05\/CS-NivesWidauer-00.jpg","articleSection":["Unkategorisiert"],"inLanguage":"de"},{"@type":"WebPage","@id":"https:\/\/www.carlsuchy.com\/de\/ueber-kunst-zeit-und-uhren\/","url":"https:\/\/www.carlsuchy.com\/de\/ueber-kunst-zeit-und-uhren\/","name":"\u00dcber Kunst, Zeit und Uhren\u2026\u00a0 &#8211; Carl Suchy &amp; S\u00f6hne","isPartOf":{"@id":"https:\/\/www.carlsuchy.com\/de\/#website"},"primaryImageOfPage":{"@id":"https:\/\/www.carlsuchy.com\/de\/ueber-kunst-zeit-und-uhren\/#primaryimage"},"image":{"@id":"https:\/\/www.carlsuchy.com\/de\/ueber-kunst-zeit-und-uhren\/#primaryimage"},"thumbnailUrl":"https:\/\/www.carlsuchy.com\/wp-content\/uploads\/2021\/05\/CS-NivesWidauer-00.jpg","datePublished":"2021-05-27T10:16:13+00:00","dateModified":"2021-05-27T10:16:13+00:00","description":"Carl Suchy &amp; S\u00f6hne &#8211; Carl Suchy &amp; S\u00f6hne l\u00e4dt Sie herzlich\u00a0am 8. Juni 2021 von 18 bis 20 Uhr beim Salon am Schwarzenbergplatz\u00a0zu einem Wiener Salon zum Thema","breadcrumb":{"@id":"https:\/\/www.carlsuchy.com\/de\/ueber-kunst-zeit-und-uhren\/#breadcrumb"},"inLanguage":"de","potentialAction":[{"@type":"ReadAction","target":["https:\/\/www.carlsuchy.com\/de\/ueber-kunst-zeit-und-uhren\/"]}]},{"@type":"ImageObject","inLanguage":"de","@id":"https:\/\/www.carlsuchy.com\/de\/ueber-kunst-zeit-und-uhren\/#primaryimage","url":"https:\/\/www.carlsuchy.com\/wp-content\/uploads\/2021\/05\/CS-NivesWidauer-00.jpg","contentUrl":"https:\/\/www.carlsuchy.com\/wp-content\/uploads\/2021\/05\/CS-NivesWidauer-00.jpg","width":1080,"height":1080},{"@type":"BreadcrumbList","@id":"https:\/\/www.carlsuchy.com\/de\/ueber-kunst-zeit-und-uhren\/#breadcrumb","itemListElement":[{"@type":"ListItem","position":1,"name":"Home","item":"https:\/\/www.carlsuchy.com\/de\/"},{"@type":"ListItem","position":2,"name":"\u00dcber Kunst, Zeit und Uhren\u2026\u00a0"}]},{"@type":"WebSite","@id":"https:\/\/www.carlsuchy.com\/de\/#website","url":"https:\/\/www.carlsuchy.com\/de\/","name":"Carl Suchy &amp; S\u00f6hne","description":"","publisher":{"@id":"https:\/\/www.carlsuchy.com\/de\/#organization"},"potentialAction":[{"@type":"SearchAction","target":{"@type":"EntryPoint","urlTemplate":"https:\/\/www.carlsuchy.com\/de\/?s={search_term_string}"},"query-input":{"@type":"PropertyValueSpecification","valueRequired":true,"valueName":"search_term_string"}}],"inLanguage":"de"},{"@type":"Organization","@id":"https:\/\/www.carlsuchy.com\/de\/#organization","name":"Carl Suchy & S\u00f6hne","url":"https:\/\/www.carlsuchy.com\/de\/","logo":{"@type":"ImageObject","inLanguage":"de","@id":"https:\/\/www.carlsuchy.com\/de\/#\/schema\/logo\/image\/","url":"https:\/\/www.carlsuchy.com\/wp-content\/uploads\/2018\/05\/logo.svg","contentUrl":"https:\/\/www.carlsuchy.com\/wp-content\/uploads\/2018\/05\/logo.svg","width":1,"height":1,"caption":"Carl Suchy & S\u00f6hne"},"image":{"@id":"https:\/\/www.carlsuchy.com\/de\/#\/schema\/logo\/image\/"},"sameAs":["https:\/\/www.facebook.com\/carlsuchy\/","https:\/\/www.instagram.com\/carlsuchy\/?hl=de","https:\/\/www.linkedin.com\/company\/carl-suchy-&amp;-s\u00f6hne\/","https:\/\/www.pinterest.de\/carlsuchy1822\/","https:\/\/www.youtube.com\/channel\/UCiaaduvFGuyeWS7ZUOXxGSA"]},{"@type":"Person","@id":"https:\/\/www.carlsuchy.com\/de\/#\/schema\/person\/60c299fc592e7ae0433a81f9f102cb5f","name":"Joe Fritsch"}]}},"_links":{"self":[{"href":"https:\/\/www.carlsuchy.com\/de\/wp-json\/wp\/v2\/posts\/7004"}],"collection":[{"href":"https:\/\/www.carlsuchy.com\/de\/wp-json\/wp\/v2\/posts"}],"about":[{"href":"https:\/\/www.carlsuchy.com\/de\/wp-json\/wp\/v2\/types\/post"}],"author":[{"embeddable":true,"href":"https:\/\/www.carlsuchy.com\/de\/wp-json\/wp\/v2\/users\/7"}],"replies":[{"embeddable":true,"href":"https:\/\/www.carlsuchy.com\/de\/wp-json\/wp\/v2\/comments?post=7004"}],"version-history":[{"count":1,"href":"https:\/\/www.carlsuchy.com\/de\/wp-json\/wp\/v2\/posts\/7004\/revisions"}],"predecessor-version":[{"id":7007,"href":"https:\/\/www.carlsuchy.com\/de\/wp-json\/wp\/v2\/posts\/7004\/revisions\/7007"}],"wp:featuredmedia":[{"embeddable":true,"href":"https:\/\/www.carlsuchy.com\/de\/wp-json\/wp\/v2\/media\/7005"}],"wp:attachment":[{"href":"https:\/\/www.carlsuchy.com\/de\/wp-json\/wp\/v2\/media?parent=7004"}],"wp:term":[{"taxonomy":"category","embeddable":true,"href":"https:\/\/www.carlsuchy.com\/de\/wp-json\/wp\/v2\/categories?post=7004"},{"taxonomy":"post_tag","embeddable":true,"href":"https:\/\/www.carlsuchy.com\/de\/wp-json\/wp\/v2\/tags?post=7004"}],"curies":[{"name":"wp","href":"https:\/\/api.w.org\/{rel}","templated":true}]}}