


{"id":8270,"date":"2022-11-14T11:07:12","date_gmt":"2022-11-14T11:07:12","guid":{"rendered":"https:\/\/www.carlsuchy.com\/?p=8270"},"modified":"2022-12-02T11:09:09","modified_gmt":"2022-12-02T11:09:09","slug":"carl-suchy-soehne-x-vienna-art-week","status":"publish","type":"post","link":"https:\/\/www.carlsuchy.com\/de\/carl-suchy-soehne-x-vienna-art-week\/","title":{"rendered":"Carl Suchy &#038; S\u00f6hne x Vienna Art Week"},"content":{"rendered":"<table width=\"100%\">\n<tbody>\n<tr>\n<td>Wir freuen uns sehr, unsere Partnerschaft mit der Vienna Art Week dieses Jahr weiterzuf\u00fchren, einem der f\u00fchrenden Festivals f\u00fcr bildende Kunst in Mitteleuropa.<\/p>\n<p>Exklusive Veranstaltung f\u00fcr Sie:<br \/>\nSonderf\u00fchrung durch die Ausstellung<br \/>\n&#8222;CHALLENGING ORDERS&#8220;<\/td>\n<\/tr>\n<\/tbody>\n<\/table>\n<table width=\"100%\">\n<tbody>\n<tr>\n<td>&nbsp;<\/p>\n<p>Die VIENNA ART WEEK stellt von <b>18. bis 25. November 2022<\/b> Wiens vielf\u00e4ltige Kunstszene ins Scheinwerferlicht: Gemeinsam mit rund 70 Programmpartner:innen wird eine Woche lang bei freiem Eintritt inspirierende Kunst vom Barock bis zur Gegenwart geboten. Weitere Informationen zum Programm finden Sie hier: <a href=\"http:\/\/www.viennaartweek.at\/?utm_source=hs_email&amp;utm_medium=email&amp;_hsenc=p2ANqtz-_wIz9x_IlhrZXNVsEVkGGNStqCFfrlciDgjZ7l6UWfC2J86nl5-hL3YSSwGjYaOhYO9CPy\" data-hs-link-id=\"0\">www.viennaartweek.at<\/a><\/p>\n<p>Robert Punkenhofer, Eigent\u00fcmer und CEO von Carl Suchy &amp; S\u00f6hne, hat die Vienna Art Week mitbegr\u00fcndet und ist ihr k\u00fcnstlerischer Leiter.<br \/>\nEr sagt: <em>&#8222;Es gibt keinen Luxus ohne Kunst. Kunst ist das, was bleibt und uns alle \u00fcberleben wird. Die Suche nach zeitloser Sch\u00f6nheit, handwerklicher Exzellenz und kreativem Einfallsreichtum ist das, was Kunst und High-End-Uhrmacherei verbindet.&#8220;<\/em><\/td>\n<\/tr>\n<\/tbody>\n<\/table>\n<table width=\"100%\">\n<tbody>\n<tr>\n<td>Wir freuen uns, Sie zu einer exklusiven F\u00fchrung durch die Ausstellung &#8222;Challenging Orders&#8220; einladen zu d\u00fcrfen.<\/p>\n<p>&nbsp;<\/p>\n<p><strong>Freitag, 24. November, 18:00 &#8211; 19:00 Uhr<\/strong><\/p>\n<p>Um Anmeldung unter hd@carlsuchy.com bis 22. November wird gebeten.<\/td>\n<\/tr>\n<\/tbody>\n<\/table>\n","protected":false},"excerpt":{"rendered":"<p>Wir freuen uns sehr, unsere Partnerschaft mit der Vienna Art Week dieses Jahr weiterzuf\u00fchren, einem der f\u00fchrenden Festivals f\u00fcr bildende Kunst in Mitteleuropa. Exklusive Veranstaltung f\u00fcr Sie: Sonderf\u00fchrung durch die Ausstellung &#8222;CHALLENGING ORDERS&#8220; &nbsp; Die VIENNA ART WEEK stellt von 18. bis 25. November 2022 Wiens vielf\u00e4ltige Kunstszene ins Scheinwerferlicht: Gemeinsam mit rund 70 Programmpartner:innen wird eine Woche lang bei freiem Eintritt inspirierende Kunst vom Barock bis zur Gegenwart geboten. Weitere Informationen zum Programm finden Sie hier: www.viennaartweek.at Robert Punkenhofer, Eigent\u00fcmer und CEO von Carl Suchy &amp; S\u00f6hne, hat die Vienna Art Week mitbegr\u00fcndet und ist ihr k\u00fcnstlerischer Leiter. Er sagt: &#8222;Es gibt keinen Luxus ohne Kunst. Kunst ist das, was bleibt und uns alle \u00fcberleben wird. Die Suche nach zeitloser Sch\u00f6nheit, handwerklicher Exzellenz und kreativem Einfallsreichtum ist das, was Kunst und High-End-Uhrmacherei verbindet.&#8220; Wir freuen uns, Sie zu einer exklusiven F\u00fchrung durch die Ausstellung &#8222;Challenging Orders&#8220; einladen zu d\u00fcrfen. &nbsp; Freitag, 24. November, 18:00 &#8211; 19:00 Uhr Um Anmeldung unter hd@carlsuchy.com bis 22. November wird gebeten.<\/p>\n","protected":false},"author":7,"featured_media":8267,"comment_status":"closed","ping_status":"closed","sticky":false,"template":"","format":"standard","meta":{"_acf_changed":false,"content-type":"","footnotes":""},"categories":[3],"tags":[],"acf":[],"yoast_head":"<!-- This site is optimized with the Yoast SEO plugin v23.5 - https:\/\/yoast.com\/wordpress\/plugins\/seo\/ -->\n<title>Carl Suchy &amp; S\u00f6hne x Vienna Art Week &#8211; Carl Suchy &amp; S\u00f6hne<\/title>\n<meta name=\"description\" content=\"Carl Suchy &amp; S\u00f6hne &#8211; Wir freuen uns sehr, unsere Partnerschaft mit der Vienna Art Week dieses Jahr weiterzuf\u00fchren, einem der f\u00fchrenden Festivals f\u00fcr bildende Kunst in\" \/>\n<meta name=\"robots\" content=\"index, follow, max-snippet:-1, max-image-preview:large, max-video-preview:-1\" \/>\n<link rel=\"canonical\" href=\"https:\/\/www.carlsuchy.com\/de\/carl-suchy-soehne-x-vienna-art-week\/\" \/>\n<meta property=\"og:locale\" content=\"de_DE\" \/>\n<meta property=\"og:type\" content=\"article\" \/>\n<meta property=\"og:title\" content=\"Carl Suchy &amp; S\u00f6hne x Vienna Art Week &#8211; Carl Suchy &amp; S\u00f6hne\" \/>\n<meta property=\"og:description\" content=\"Carl Suchy &amp; S\u00f6hne &#8211; Wir freuen uns sehr, unsere Partnerschaft mit der Vienna Art Week dieses Jahr weiterzuf\u00fchren, einem der f\u00fchrenden Festivals f\u00fcr bildende Kunst in\" \/>\n<meta property=\"og:url\" content=\"https:\/\/www.carlsuchy.com\/de\/carl-suchy-soehne-x-vienna-art-week\/\" \/>\n<meta property=\"og:site_name\" content=\"Carl Suchy &amp; S\u00f6hne\" \/>\n<meta property=\"article:publisher\" content=\"https:\/\/www.facebook.com\/carlsuchy\/\" \/>\n<meta property=\"article:published_time\" content=\"2022-11-14T11:07:12+00:00\" \/>\n<meta property=\"article:modified_time\" content=\"2022-12-02T11:09:09+00:00\" \/>\n<meta property=\"og:image\" content=\"https:\/\/www.carlsuchy.com\/wp-content\/uploads\/2022\/12\/211117_VAW21_047_cFehringer-1.webp\" \/>\n\t<meta property=\"og:image:width\" content=\"1200\" \/>\n\t<meta property=\"og:image:height\" content=\"1799\" \/>\n\t<meta property=\"og:image:type\" content=\"image\/webp\" \/>\n<meta name=\"author\" content=\"Joe Fritsch\" \/>\n<meta name=\"twitter:card\" content=\"summary_large_image\" \/>\n<meta name=\"twitter:label1\" content=\"Verfasst von\" \/>\n\t<meta name=\"twitter:data1\" content=\"Joe Fritsch\" \/>\n\t<meta name=\"twitter:label2\" content=\"Gesch\u00e4tzte Lesezeit\" \/>\n\t<meta name=\"twitter:data2\" content=\"1\u00a0Minute\" \/>\n<script type=\"application\/ld+json\" class=\"yoast-schema-graph\">{\"@context\":\"https:\/\/schema.org\",\"@graph\":[{\"@type\":\"Article\",\"@id\":\"https:\/\/www.carlsuchy.com\/de\/carl-suchy-soehne-x-vienna-art-week\/#article\",\"isPartOf\":{\"@id\":\"https:\/\/www.carlsuchy.com\/de\/carl-suchy-soehne-x-vienna-art-week\/\"},\"author\":{\"name\":\"Joe Fritsch\",\"@id\":\"https:\/\/www.carlsuchy.com\/de\/#\/schema\/person\/60c299fc592e7ae0433a81f9f102cb5f\"},\"headline\":\"Carl Suchy &#038; S\u00f6hne x Vienna Art Week\",\"datePublished\":\"2022-11-14T11:07:12+00:00\",\"dateModified\":\"2022-12-02T11:09:09+00:00\",\"mainEntityOfPage\":{\"@id\":\"https:\/\/www.carlsuchy.com\/de\/carl-suchy-soehne-x-vienna-art-week\/\"},\"wordCount\":185,\"publisher\":{\"@id\":\"https:\/\/www.carlsuchy.com\/de\/#organization\"},\"image\":{\"@id\":\"https:\/\/www.carlsuchy.com\/de\/carl-suchy-soehne-x-vienna-art-week\/#primaryimage\"},\"thumbnailUrl\":\"https:\/\/www.carlsuchy.com\/wp-content\/uploads\/2022\/12\/211117_VAW21_047_cFehringer-1.webp\",\"articleSection\":[\"Unkategorisiert\"],\"inLanguage\":\"de\"},{\"@type\":\"WebPage\",\"@id\":\"https:\/\/www.carlsuchy.com\/de\/carl-suchy-soehne-x-vienna-art-week\/\",\"url\":\"https:\/\/www.carlsuchy.com\/de\/carl-suchy-soehne-x-vienna-art-week\/\",\"name\":\"Carl Suchy & S\u00f6hne x Vienna Art Week &#8211; Carl Suchy &amp; S\u00f6hne\",\"isPartOf\":{\"@id\":\"https:\/\/www.carlsuchy.com\/de\/#website\"},\"primaryImageOfPage\":{\"@id\":\"https:\/\/www.carlsuchy.com\/de\/carl-suchy-soehne-x-vienna-art-week\/#primaryimage\"},\"image\":{\"@id\":\"https:\/\/www.carlsuchy.com\/de\/carl-suchy-soehne-x-vienna-art-week\/#primaryimage\"},\"thumbnailUrl\":\"https:\/\/www.carlsuchy.com\/wp-content\/uploads\/2022\/12\/211117_VAW21_047_cFehringer-1.webp\",\"datePublished\":\"2022-11-14T11:07:12+00:00\",\"dateModified\":\"2022-12-02T11:09:09+00:00\",\"description\":\"Carl Suchy &amp; S\u00f6hne &#8211; Wir freuen uns sehr, unsere Partnerschaft mit der Vienna Art Week dieses Jahr weiterzuf\u00fchren, einem der f\u00fchrenden Festivals f\u00fcr bildende Kunst in\",\"breadcrumb\":{\"@id\":\"https:\/\/www.carlsuchy.com\/de\/carl-suchy-soehne-x-vienna-art-week\/#breadcrumb\"},\"inLanguage\":\"de\",\"potentialAction\":[{\"@type\":\"ReadAction\",\"target\":[\"https:\/\/www.carlsuchy.com\/de\/carl-suchy-soehne-x-vienna-art-week\/\"]}]},{\"@type\":\"ImageObject\",\"inLanguage\":\"de\",\"@id\":\"https:\/\/www.carlsuchy.com\/de\/carl-suchy-soehne-x-vienna-art-week\/#primaryimage\",\"url\":\"https:\/\/www.carlsuchy.com\/wp-content\/uploads\/2022\/12\/211117_VAW21_047_cFehringer-1.webp\",\"contentUrl\":\"https:\/\/www.carlsuchy.com\/wp-content\/uploads\/2022\/12\/211117_VAW21_047_cFehringer-1.webp\",\"width\":1200,\"height\":1799},{\"@type\":\"BreadcrumbList\",\"@id\":\"https:\/\/www.carlsuchy.com\/de\/carl-suchy-soehne-x-vienna-art-week\/#breadcrumb\",\"itemListElement\":[{\"@type\":\"ListItem\",\"position\":1,\"name\":\"Home\",\"item\":\"https:\/\/www.carlsuchy.com\/de\/\"},{\"@type\":\"ListItem\",\"position\":2,\"name\":\"Carl Suchy &#038; S\u00f6hne x Vienna Art Week\"}]},{\"@type\":\"WebSite\",\"@id\":\"https:\/\/www.carlsuchy.com\/de\/#website\",\"url\":\"https:\/\/www.carlsuchy.com\/de\/\",\"name\":\"Carl Suchy &amp; S\u00f6hne\",\"description\":\"\",\"publisher\":{\"@id\":\"https:\/\/www.carlsuchy.com\/de\/#organization\"},\"potentialAction\":[{\"@type\":\"SearchAction\",\"target\":{\"@type\":\"EntryPoint\",\"urlTemplate\":\"https:\/\/www.carlsuchy.com\/de\/?s={search_term_string}\"},\"query-input\":{\"@type\":\"PropertyValueSpecification\",\"valueRequired\":true,\"valueName\":\"search_term_string\"}}],\"inLanguage\":\"de\"},{\"@type\":\"Organization\",\"@id\":\"https:\/\/www.carlsuchy.com\/de\/#organization\",\"name\":\"Carl Suchy & S\u00f6hne\",\"url\":\"https:\/\/www.carlsuchy.com\/de\/\",\"logo\":{\"@type\":\"ImageObject\",\"inLanguage\":\"de\",\"@id\":\"https:\/\/www.carlsuchy.com\/de\/#\/schema\/logo\/image\/\",\"url\":\"https:\/\/www.carlsuchy.com\/wp-content\/uploads\/2018\/05\/logo.svg\",\"contentUrl\":\"https:\/\/www.carlsuchy.com\/wp-content\/uploads\/2018\/05\/logo.svg\",\"width\":1,\"height\":1,\"caption\":\"Carl Suchy & S\u00f6hne\"},\"image\":{\"@id\":\"https:\/\/www.carlsuchy.com\/de\/#\/schema\/logo\/image\/\"},\"sameAs\":[\"https:\/\/www.facebook.com\/carlsuchy\/\",\"https:\/\/www.instagram.com\/carlsuchy\/?hl=de\",\"https:\/\/www.linkedin.com\/company\/carl-suchy-&amp;-s\u00f6hne\/\",\"https:\/\/www.pinterest.de\/carlsuchy1822\/\",\"https:\/\/www.youtube.com\/channel\/UCiaaduvFGuyeWS7ZUOXxGSA\"]},{\"@type\":\"Person\",\"@id\":\"https:\/\/www.carlsuchy.com\/de\/#\/schema\/person\/60c299fc592e7ae0433a81f9f102cb5f\",\"name\":\"Joe Fritsch\"}]}<\/script>\n<!-- \/ Yoast SEO plugin. -->","yoast_head_json":{"title":"Carl Suchy & S\u00f6hne x Vienna Art Week &#8211; Carl Suchy &amp; S\u00f6hne","description":"Carl Suchy &amp; S\u00f6hne &#8211; Wir freuen uns sehr, unsere Partnerschaft mit der Vienna Art Week dieses Jahr weiterzuf\u00fchren, einem der f\u00fchrenden Festivals f\u00fcr bildende Kunst in","robots":{"index":"index","follow":"follow","max-snippet":"max-snippet:-1","max-image-preview":"max-image-preview:large","max-video-preview":"max-video-preview:-1"},"canonical":"https:\/\/www.carlsuchy.com\/de\/carl-suchy-soehne-x-vienna-art-week\/","og_locale":"de_DE","og_type":"article","og_title":"Carl Suchy & S\u00f6hne x Vienna Art Week &#8211; Carl Suchy &amp; S\u00f6hne","og_description":"Carl Suchy &amp; S\u00f6hne &#8211; Wir freuen uns sehr, unsere Partnerschaft mit der Vienna Art Week dieses Jahr weiterzuf\u00fchren, einem der f\u00fchrenden Festivals f\u00fcr bildende Kunst in","og_url":"https:\/\/www.carlsuchy.com\/de\/carl-suchy-soehne-x-vienna-art-week\/","og_site_name":"Carl Suchy &amp; S\u00f6hne","article_publisher":"https:\/\/www.facebook.com\/carlsuchy\/","article_published_time":"2022-11-14T11:07:12+00:00","article_modified_time":"2022-12-02T11:09:09+00:00","og_image":[{"width":1200,"height":1799,"url":"https:\/\/www.carlsuchy.com\/wp-content\/uploads\/2022\/12\/211117_VAW21_047_cFehringer-1.webp","type":"image\/webp"}],"author":"Joe Fritsch","twitter_card":"summary_large_image","twitter_misc":{"Verfasst von":"Joe Fritsch","Gesch\u00e4tzte Lesezeit":"1\u00a0Minute"},"schema":{"@context":"https:\/\/schema.org","@graph":[{"@type":"Article","@id":"https:\/\/www.carlsuchy.com\/de\/carl-suchy-soehne-x-vienna-art-week\/#article","isPartOf":{"@id":"https:\/\/www.carlsuchy.com\/de\/carl-suchy-soehne-x-vienna-art-week\/"},"author":{"name":"Joe Fritsch","@id":"https:\/\/www.carlsuchy.com\/de\/#\/schema\/person\/60c299fc592e7ae0433a81f9f102cb5f"},"headline":"Carl Suchy &#038; S\u00f6hne x Vienna Art Week","datePublished":"2022-11-14T11:07:12+00:00","dateModified":"2022-12-02T11:09:09+00:00","mainEntityOfPage":{"@id":"https:\/\/www.carlsuchy.com\/de\/carl-suchy-soehne-x-vienna-art-week\/"},"wordCount":185,"publisher":{"@id":"https:\/\/www.carlsuchy.com\/de\/#organization"},"image":{"@id":"https:\/\/www.carlsuchy.com\/de\/carl-suchy-soehne-x-vienna-art-week\/#primaryimage"},"thumbnailUrl":"https:\/\/www.carlsuchy.com\/wp-content\/uploads\/2022\/12\/211117_VAW21_047_cFehringer-1.webp","articleSection":["Unkategorisiert"],"inLanguage":"de"},{"@type":"WebPage","@id":"https:\/\/www.carlsuchy.com\/de\/carl-suchy-soehne-x-vienna-art-week\/","url":"https:\/\/www.carlsuchy.com\/de\/carl-suchy-soehne-x-vienna-art-week\/","name":"Carl Suchy & S\u00f6hne x Vienna Art Week &#8211; Carl Suchy &amp; S\u00f6hne","isPartOf":{"@id":"https:\/\/www.carlsuchy.com\/de\/#website"},"primaryImageOfPage":{"@id":"https:\/\/www.carlsuchy.com\/de\/carl-suchy-soehne-x-vienna-art-week\/#primaryimage"},"image":{"@id":"https:\/\/www.carlsuchy.com\/de\/carl-suchy-soehne-x-vienna-art-week\/#primaryimage"},"thumbnailUrl":"https:\/\/www.carlsuchy.com\/wp-content\/uploads\/2022\/12\/211117_VAW21_047_cFehringer-1.webp","datePublished":"2022-11-14T11:07:12+00:00","dateModified":"2022-12-02T11:09:09+00:00","description":"Carl Suchy &amp; S\u00f6hne &#8211; Wir freuen uns sehr, unsere Partnerschaft mit der Vienna Art Week dieses Jahr weiterzuf\u00fchren, einem der f\u00fchrenden Festivals f\u00fcr bildende Kunst in","breadcrumb":{"@id":"https:\/\/www.carlsuchy.com\/de\/carl-suchy-soehne-x-vienna-art-week\/#breadcrumb"},"inLanguage":"de","potentialAction":[{"@type":"ReadAction","target":["https:\/\/www.carlsuchy.com\/de\/carl-suchy-soehne-x-vienna-art-week\/"]}]},{"@type":"ImageObject","inLanguage":"de","@id":"https:\/\/www.carlsuchy.com\/de\/carl-suchy-soehne-x-vienna-art-week\/#primaryimage","url":"https:\/\/www.carlsuchy.com\/wp-content\/uploads\/2022\/12\/211117_VAW21_047_cFehringer-1.webp","contentUrl":"https:\/\/www.carlsuchy.com\/wp-content\/uploads\/2022\/12\/211117_VAW21_047_cFehringer-1.webp","width":1200,"height":1799},{"@type":"BreadcrumbList","@id":"https:\/\/www.carlsuchy.com\/de\/carl-suchy-soehne-x-vienna-art-week\/#breadcrumb","itemListElement":[{"@type":"ListItem","position":1,"name":"Home","item":"https:\/\/www.carlsuchy.com\/de\/"},{"@type":"ListItem","position":2,"name":"Carl Suchy &#038; S\u00f6hne x Vienna Art Week"}]},{"@type":"WebSite","@id":"https:\/\/www.carlsuchy.com\/de\/#website","url":"https:\/\/www.carlsuchy.com\/de\/","name":"Carl Suchy &amp; S\u00f6hne","description":"","publisher":{"@id":"https:\/\/www.carlsuchy.com\/de\/#organization"},"potentialAction":[{"@type":"SearchAction","target":{"@type":"EntryPoint","urlTemplate":"https:\/\/www.carlsuchy.com\/de\/?s={search_term_string}"},"query-input":{"@type":"PropertyValueSpecification","valueRequired":true,"valueName":"search_term_string"}}],"inLanguage":"de"},{"@type":"Organization","@id":"https:\/\/www.carlsuchy.com\/de\/#organization","name":"Carl Suchy & S\u00f6hne","url":"https:\/\/www.carlsuchy.com\/de\/","logo":{"@type":"ImageObject","inLanguage":"de","@id":"https:\/\/www.carlsuchy.com\/de\/#\/schema\/logo\/image\/","url":"https:\/\/www.carlsuchy.com\/wp-content\/uploads\/2018\/05\/logo.svg","contentUrl":"https:\/\/www.carlsuchy.com\/wp-content\/uploads\/2018\/05\/logo.svg","width":1,"height":1,"caption":"Carl Suchy & S\u00f6hne"},"image":{"@id":"https:\/\/www.carlsuchy.com\/de\/#\/schema\/logo\/image\/"},"sameAs":["https:\/\/www.facebook.com\/carlsuchy\/","https:\/\/www.instagram.com\/carlsuchy\/?hl=de","https:\/\/www.linkedin.com\/company\/carl-suchy-&amp;-s\u00f6hne\/","https:\/\/www.pinterest.de\/carlsuchy1822\/","https:\/\/www.youtube.com\/channel\/UCiaaduvFGuyeWS7ZUOXxGSA"]},{"@type":"Person","@id":"https:\/\/www.carlsuchy.com\/de\/#\/schema\/person\/60c299fc592e7ae0433a81f9f102cb5f","name":"Joe Fritsch"}]}},"_links":{"self":[{"href":"https:\/\/www.carlsuchy.com\/de\/wp-json\/wp\/v2\/posts\/8270"}],"collection":[{"href":"https:\/\/www.carlsuchy.com\/de\/wp-json\/wp\/v2\/posts"}],"about":[{"href":"https:\/\/www.carlsuchy.com\/de\/wp-json\/wp\/v2\/types\/post"}],"author":[{"embeddable":true,"href":"https:\/\/www.carlsuchy.com\/de\/wp-json\/wp\/v2\/users\/7"}],"replies":[{"embeddable":true,"href":"https:\/\/www.carlsuchy.com\/de\/wp-json\/wp\/v2\/comments?post=8270"}],"version-history":[{"count":1,"href":"https:\/\/www.carlsuchy.com\/de\/wp-json\/wp\/v2\/posts\/8270\/revisions"}],"predecessor-version":[{"id":8271,"href":"https:\/\/www.carlsuchy.com\/de\/wp-json\/wp\/v2\/posts\/8270\/revisions\/8271"}],"wp:featuredmedia":[{"embeddable":true,"href":"https:\/\/www.carlsuchy.com\/de\/wp-json\/wp\/v2\/media\/8267"}],"wp:attachment":[{"href":"https:\/\/www.carlsuchy.com\/de\/wp-json\/wp\/v2\/media?parent=8270"}],"wp:term":[{"taxonomy":"category","embeddable":true,"href":"https:\/\/www.carlsuchy.com\/de\/wp-json\/wp\/v2\/categories?post=8270"},{"taxonomy":"post_tag","embeddable":true,"href":"https:\/\/www.carlsuchy.com\/de\/wp-json\/wp\/v2\/tags?post=8270"}],"curies":[{"name":"wp","href":"https:\/\/api.w.org\/{rel}","templated":true}]}}