


{"id":913,"date":"2017-06-19T10:00:51","date_gmt":"2017-06-19T10:00:51","guid":{"rendered":"https:\/\/www.carlsuchy.com\/carl-suchy-sohne-n-press-since\/"},"modified":"2017-06-20T07:53:43","modified_gmt":"2017-06-20T07:53:43","slug":"carl-suchy-sohne-n-press-since","status":"publish","type":"post","link":"https:\/\/www.carlsuchy.com\/de\/carl-suchy-sohne-n-press-since\/","title":{"rendered":"CARL SUCHY &#038; S\u00d6HNE<br>IN THE PRESS"},"content":{"rendered":"<p class=\"p1\" style=\"text-align: center;\">Since its launch earlier this year, the Waltz N\u00ba1 has found wide acclaim by the national and international media. We are very pleased to present a selection of articles published in magazines, newspapers and influential watch blogs:<\/p>\n<p class=\"p1\" style=\"text-align: center;\"><strong><a href=\"http:\/\/www.ablogtowatch.com\/carl-suchy-sohne-waltz-no-1-watch\/\" target=\"_blank\" rel=\"noopener noreferrer\">ABLOGTOWATCH<\/a><\/strong><br \/>\nCarl Suchy &amp; S\u00f6hne Waltz N\u00b01 Watch<\/p>\n<p class=\"p1\" style=\"text-align: center;\"><a href=\"http:\/\/watchesbysjx.com\/2017\/03\/19th-century-austrian-watchmaker-is-revived-with-vaucher-movements.html\"><strong>WATCHES BY SJX<\/strong><\/a><br \/>\n19th Century Austrian Watchmaker is Revived with Vaucher Movements<\/p>\n<p class=\"p1\" style=\"text-align: center;\"><a href=\"https:\/\/www.8past10.com\/discover\/post\/1\/58cbdb414efe930df06aa572\"><strong>8PAST10<\/strong><\/a><br \/>\nCarl Suchy &amp; Sohne Waltz No.1<br \/>\nAustrian elegance returns after a brief 100-year creative break<\/p>\n<p class=\"p1\" style=\"text-align: center;\"><a href=\"http:\/\/diepresse.com\/home\/wirtschaft\/unternehmen\/5168451\/Die-Uhr-die-schon-Freud-und-Klimt-trugen?from=suche.intern.portal\"><strong>DIE PRESSE<\/strong><\/a><br \/>\nDie Uhr, die schon Freud und Klimt trugen<br \/>\n(The watch that already Sigmund Freud and Gustav Klimt wore)<\/p>\n<p class=\"p1\" style=\"text-align: center;\"><a href=\"http:\/\/diepresse.com\/home\/leben\/uhren\/5181360\/Carl-Suchy-Soehne_Waltz-No-1\"><strong>DIE PRESSE SCHAUFENSTER<\/strong><\/a><br \/>\nCarl Suchy &amp; S\u00f6hne: \u201eWaltz No. 1\u201c<br \/>\nMit Carl Suchy &amp; S\u00f6hne betritt ein zweiter \u00f6sterreichischer Hersteller<br \/>\ndie internationale B\u00fchne der Uhren.<br \/>\n(With Carl Suchy &amp; S\u00f6hne, a second Austrian watchmaker is entering<br \/>\nthe international watch scene)<\/p>\n<p class=\"p1\" style=\"text-align: center;\"><strong><a href=\"http:\/\/derstandard.at\/2000052264184\/Carl-Suchy-Soehne-Relaunch-einer-oesterreichischen-Uhrenmarke\">DER STANDARD<\/a><\/strong><br \/>\nCarl Suchy &amp; S\u00f6hne: Relaunch einer \u00f6sterreichischen Uhrenmarke<br \/>\n(Carl Suchy &amp; S\u00f6hne \u2013 Relaunch of an Austrian Watch Brand)<\/p>\n<p class=\"p1\" style=\"text-align: center;\"><strong><a href=\"http:\/\/www.0024watchworld.com\/carl-suchy-sohne-waltz-no-1-save-next-dance\/\">0024<\/a><\/strong><br \/>\nCarl Suchy &amp; S\u00f6hne waltz No 1: save the next dance for me<\/p>\n<p class=\"p1\" style=\"text-align: center;\"><a href=\"https:\/\/www.collectorsagenda.com\/de\/collector-stories\/robert-punkenhofer\"><strong>COLLECTORS\u2019 AGENDA<\/strong><\/a><br \/>\nInterview with Founder Robert Punkenhofer on Carl Suchy &amp; S\u00f6hne<\/p>\n<p class=\"p1\" style=\"text-align: center;\">\n","protected":false},"excerpt":{"rendered":"<p>Since its launch earlier this year, the Waltz N\u00ba1 has found wide acclaim by the national and international media. We are very pleased to present a selection of articles published in magazines, newspapers and influential watch blogs: ABLOGTOWATCH Carl Suchy &amp; S\u00f6hne Waltz N\u00b01 Watch WATCHES BY SJX 19th Century Austrian Watchmaker is Revived with Vaucher Movements 8PAST10 Carl Suchy &amp; Sohne Waltz No.1 Austrian elegance returns after a brief 100-year creative break DIE PRESSE Die Uhr, die schon Freud und Klimt trugen (The watch that already Sigmund Freud and Gustav Klimt wore) DIE PRESSE SCHAUFENSTER Carl Suchy &amp; S\u00f6hne: \u201eWaltz No. 1\u201c Mit Carl Suchy &amp; S\u00f6hne betritt ein zweiter \u00f6sterreichischer Hersteller die internationale B\u00fchne der Uhren. (With Carl Suchy &amp; S\u00f6hne, a second Austrian watchmaker is entering the international watch scene) DER STANDARD Carl Suchy &amp; S\u00f6hne: Relaunch einer \u00f6sterreichischen Uhrenmarke (Carl Suchy &amp; S\u00f6hne \u2013 Relaunch of an Austrian Watch Brand) 0024 Carl Suchy &amp; S\u00f6hne waltz No 1: save the next dance for me COLLECTORS\u2019 AGENDA Interview with Founder Robert Punkenhofer on Carl Suchy &amp; S\u00f6hne<\/p>\n","protected":false},"author":2,"featured_media":910,"comment_status":"closed","ping_status":"closed","sticky":false,"template":"","format":"standard","meta":{"_acf_changed":false,"content-type":"","footnotes":""},"categories":[3],"tags":[],"acf":[],"yoast_head":"<!-- This site is optimized with the Yoast SEO plugin v23.5 - https:\/\/yoast.com\/wordpress\/plugins\/seo\/ -->\n<title>CARL SUCHY &amp; S\u00d6HNEIN THE PRESS &#8211; Carl Suchy &amp; S\u00f6hne<\/title>\n<meta name=\"description\" content=\"Carl Suchy &amp; S\u00f6hne &#8211; Since its launch earlier this year, the Waltz N\u00ba1 has found wide acclaim by the national and international media. We are very pleased to present a\" \/>\n<meta name=\"robots\" content=\"index, follow, max-snippet:-1, max-image-preview:large, max-video-preview:-1\" \/>\n<link rel=\"canonical\" href=\"https:\/\/www.carlsuchy.com\/de\/carl-suchy-sohne-n-press-since\/\" \/>\n<meta property=\"og:locale\" content=\"de_DE\" \/>\n<meta property=\"og:type\" content=\"article\" \/>\n<meta property=\"og:title\" content=\"CARL SUCHY &amp; S\u00d6HNEIN THE PRESS &#8211; Carl Suchy &amp; S\u00f6hne\" \/>\n<meta property=\"og:description\" content=\"Carl Suchy &amp; S\u00f6hne &#8211; Since its launch earlier this year, the Waltz N\u00ba1 has found wide acclaim by the national and international media. We are very pleased to present a\" \/>\n<meta property=\"og:url\" content=\"https:\/\/www.carlsuchy.com\/de\/carl-suchy-sohne-n-press-since\/\" \/>\n<meta property=\"og:site_name\" content=\"Carl Suchy &amp; S\u00f6hne\" \/>\n<meta property=\"article:publisher\" content=\"https:\/\/www.facebook.com\/carlsuchy\/\" \/>\n<meta property=\"article:published_time\" content=\"2017-06-19T10:00:51+00:00\" \/>\n<meta property=\"article:modified_time\" content=\"2017-06-20T07:53:43+00:00\" \/>\n<meta property=\"og:image\" content=\"https:\/\/www.carlsuchy.com\/wp-content\/uploads\/2017\/06\/carl-suchy-soehne-launch-2.jpg\" \/>\n\t<meta property=\"og:image:width\" content=\"1200\" \/>\n\t<meta property=\"og:image:height\" content=\"800\" \/>\n\t<meta property=\"og:image:type\" content=\"image\/jpeg\" \/>\n<meta name=\"author\" content=\"Rein\" \/>\n<meta name=\"twitter:card\" content=\"summary_large_image\" \/>\n<meta name=\"twitter:label1\" content=\"Verfasst von\" \/>\n\t<meta name=\"twitter:data1\" content=\"Rein\" \/>\n\t<meta name=\"twitter:label2\" content=\"Gesch\u00e4tzte Lesezeit\" \/>\n\t<meta name=\"twitter:data2\" content=\"1\u00a0Minute\" \/>\n<script type=\"application\/ld+json\" class=\"yoast-schema-graph\">{\"@context\":\"https:\/\/schema.org\",\"@graph\":[{\"@type\":\"Article\",\"@id\":\"https:\/\/www.carlsuchy.com\/de\/carl-suchy-sohne-n-press-since\/#article\",\"isPartOf\":{\"@id\":\"https:\/\/www.carlsuchy.com\/de\/carl-suchy-sohne-n-press-since\/\"},\"author\":{\"name\":\"Rein\",\"@id\":\"https:\/\/www.carlsuchy.com\/de\/#\/schema\/person\/05f27e0942e759111c4907f28a160669\"},\"headline\":\"CARL SUCHY &#038; S\u00d6HNE IN THE PRESS\",\"datePublished\":\"2017-06-19T10:00:51+00:00\",\"dateModified\":\"2017-06-20T07:53:43+00:00\",\"mainEntityOfPage\":{\"@id\":\"https:\/\/www.carlsuchy.com\/de\/carl-suchy-sohne-n-press-since\/\"},\"wordCount\":191,\"publisher\":{\"@id\":\"https:\/\/www.carlsuchy.com\/de\/#organization\"},\"image\":{\"@id\":\"https:\/\/www.carlsuchy.com\/de\/carl-suchy-sohne-n-press-since\/#primaryimage\"},\"thumbnailUrl\":\"https:\/\/www.carlsuchy.com\/wp-content\/uploads\/2017\/06\/carl-suchy-soehne-launch-2.jpg\",\"articleSection\":[\"Unkategorisiert\"],\"inLanguage\":\"de\"},{\"@type\":\"WebPage\",\"@id\":\"https:\/\/www.carlsuchy.com\/de\/carl-suchy-sohne-n-press-since\/\",\"url\":\"https:\/\/www.carlsuchy.com\/de\/carl-suchy-sohne-n-press-since\/\",\"name\":\"CARL SUCHY & S\u00d6HNE IN THE PRESS &#8211; Carl Suchy &amp; S\u00f6hne\",\"isPartOf\":{\"@id\":\"https:\/\/www.carlsuchy.com\/de\/#website\"},\"primaryImageOfPage\":{\"@id\":\"https:\/\/www.carlsuchy.com\/de\/carl-suchy-sohne-n-press-since\/#primaryimage\"},\"image\":{\"@id\":\"https:\/\/www.carlsuchy.com\/de\/carl-suchy-sohne-n-press-since\/#primaryimage\"},\"thumbnailUrl\":\"https:\/\/www.carlsuchy.com\/wp-content\/uploads\/2017\/06\/carl-suchy-soehne-launch-2.jpg\",\"datePublished\":\"2017-06-19T10:00:51+00:00\",\"dateModified\":\"2017-06-20T07:53:43+00:00\",\"description\":\"Carl Suchy &amp; S\u00f6hne &#8211; Since its launch earlier this year, the Waltz N\u00ba1 has found wide acclaim by the national and international media. We are very pleased to present a\",\"breadcrumb\":{\"@id\":\"https:\/\/www.carlsuchy.com\/de\/carl-suchy-sohne-n-press-since\/#breadcrumb\"},\"inLanguage\":\"de\",\"potentialAction\":[{\"@type\":\"ReadAction\",\"target\":[\"https:\/\/www.carlsuchy.com\/de\/carl-suchy-sohne-n-press-since\/\"]}]},{\"@type\":\"ImageObject\",\"inLanguage\":\"de\",\"@id\":\"https:\/\/www.carlsuchy.com\/de\/carl-suchy-sohne-n-press-since\/#primaryimage\",\"url\":\"https:\/\/www.carlsuchy.com\/wp-content\/uploads\/2017\/06\/carl-suchy-soehne-launch-2.jpg\",\"contentUrl\":\"https:\/\/www.carlsuchy.com\/wp-content\/uploads\/2017\/06\/carl-suchy-soehne-launch-2.jpg\",\"width\":1200,\"height\":800},{\"@type\":\"BreadcrumbList\",\"@id\":\"https:\/\/www.carlsuchy.com\/de\/carl-suchy-sohne-n-press-since\/#breadcrumb\",\"itemListElement\":[{\"@type\":\"ListItem\",\"position\":1,\"name\":\"Home\",\"item\":\"https:\/\/www.carlsuchy.com\/de\/\"},{\"@type\":\"ListItem\",\"position\":2,\"name\":\"CARL SUCHY &#038; S\u00d6HNEIN THE PRESS\"}]},{\"@type\":\"WebSite\",\"@id\":\"https:\/\/www.carlsuchy.com\/de\/#website\",\"url\":\"https:\/\/www.carlsuchy.com\/de\/\",\"name\":\"Carl Suchy &amp; S\u00f6hne\",\"description\":\"\",\"publisher\":{\"@id\":\"https:\/\/www.carlsuchy.com\/de\/#organization\"},\"potentialAction\":[{\"@type\":\"SearchAction\",\"target\":{\"@type\":\"EntryPoint\",\"urlTemplate\":\"https:\/\/www.carlsuchy.com\/de\/?s={search_term_string}\"},\"query-input\":{\"@type\":\"PropertyValueSpecification\",\"valueRequired\":true,\"valueName\":\"search_term_string\"}}],\"inLanguage\":\"de\"},{\"@type\":\"Organization\",\"@id\":\"https:\/\/www.carlsuchy.com\/de\/#organization\",\"name\":\"Carl Suchy & S\u00f6hne\",\"url\":\"https:\/\/www.carlsuchy.com\/de\/\",\"logo\":{\"@type\":\"ImageObject\",\"inLanguage\":\"de\",\"@id\":\"https:\/\/www.carlsuchy.com\/de\/#\/schema\/logo\/image\/\",\"url\":\"https:\/\/www.carlsuchy.com\/wp-content\/uploads\/2018\/05\/logo.svg\",\"contentUrl\":\"https:\/\/www.carlsuchy.com\/wp-content\/uploads\/2018\/05\/logo.svg\",\"width\":1,\"height\":1,\"caption\":\"Carl Suchy & S\u00f6hne\"},\"image\":{\"@id\":\"https:\/\/www.carlsuchy.com\/de\/#\/schema\/logo\/image\/\"},\"sameAs\":[\"https:\/\/www.facebook.com\/carlsuchy\/\",\"https:\/\/www.instagram.com\/carlsuchy\/?hl=de\",\"https:\/\/www.linkedin.com\/company\/carl-suchy-&amp;-s\u00f6hne\/\",\"https:\/\/www.pinterest.de\/carlsuchy1822\/\",\"https:\/\/www.youtube.com\/channel\/UCiaaduvFGuyeWS7ZUOXxGSA\"]},{\"@type\":\"Person\",\"@id\":\"https:\/\/www.carlsuchy.com\/de\/#\/schema\/person\/05f27e0942e759111c4907f28a160669\",\"name\":\"Rein\"}]}<\/script>\n<!-- \/ Yoast SEO plugin. -->","yoast_head_json":{"title":"CARL SUCHY & S\u00d6HNEIN THE PRESS &#8211; Carl Suchy &amp; S\u00f6hne","description":"Carl Suchy &amp; S\u00f6hne &#8211; Since its launch earlier this year, the Waltz N\u00ba1 has found wide acclaim by the national and international media. We are very pleased to present a","robots":{"index":"index","follow":"follow","max-snippet":"max-snippet:-1","max-image-preview":"max-image-preview:large","max-video-preview":"max-video-preview:-1"},"canonical":"https:\/\/www.carlsuchy.com\/de\/carl-suchy-sohne-n-press-since\/","og_locale":"de_DE","og_type":"article","og_title":"CARL SUCHY & S\u00d6HNEIN THE PRESS &#8211; Carl Suchy &amp; S\u00f6hne","og_description":"Carl Suchy &amp; S\u00f6hne &#8211; Since its launch earlier this year, the Waltz N\u00ba1 has found wide acclaim by the national and international media. We are very pleased to present a","og_url":"https:\/\/www.carlsuchy.com\/de\/carl-suchy-sohne-n-press-since\/","og_site_name":"Carl Suchy &amp; S\u00f6hne","article_publisher":"https:\/\/www.facebook.com\/carlsuchy\/","article_published_time":"2017-06-19T10:00:51+00:00","article_modified_time":"2017-06-20T07:53:43+00:00","og_image":[{"width":1200,"height":800,"url":"https:\/\/www.carlsuchy.com\/wp-content\/uploads\/2017\/06\/carl-suchy-soehne-launch-2.jpg","type":"image\/jpeg"}],"author":"Rein","twitter_card":"summary_large_image","twitter_misc":{"Verfasst von":"Rein","Gesch\u00e4tzte Lesezeit":"1\u00a0Minute"},"schema":{"@context":"https:\/\/schema.org","@graph":[{"@type":"Article","@id":"https:\/\/www.carlsuchy.com\/de\/carl-suchy-sohne-n-press-since\/#article","isPartOf":{"@id":"https:\/\/www.carlsuchy.com\/de\/carl-suchy-sohne-n-press-since\/"},"author":{"name":"Rein","@id":"https:\/\/www.carlsuchy.com\/de\/#\/schema\/person\/05f27e0942e759111c4907f28a160669"},"headline":"CARL SUCHY &#038; S\u00d6HNE IN THE PRESS","datePublished":"2017-06-19T10:00:51+00:00","dateModified":"2017-06-20T07:53:43+00:00","mainEntityOfPage":{"@id":"https:\/\/www.carlsuchy.com\/de\/carl-suchy-sohne-n-press-since\/"},"wordCount":191,"publisher":{"@id":"https:\/\/www.carlsuchy.com\/de\/#organization"},"image":{"@id":"https:\/\/www.carlsuchy.com\/de\/carl-suchy-sohne-n-press-since\/#primaryimage"},"thumbnailUrl":"https:\/\/www.carlsuchy.com\/wp-content\/uploads\/2017\/06\/carl-suchy-soehne-launch-2.jpg","articleSection":["Unkategorisiert"],"inLanguage":"de"},{"@type":"WebPage","@id":"https:\/\/www.carlsuchy.com\/de\/carl-suchy-sohne-n-press-since\/","url":"https:\/\/www.carlsuchy.com\/de\/carl-suchy-sohne-n-press-since\/","name":"CARL SUCHY & S\u00d6HNE IN THE PRESS &#8211; Carl Suchy &amp; S\u00f6hne","isPartOf":{"@id":"https:\/\/www.carlsuchy.com\/de\/#website"},"primaryImageOfPage":{"@id":"https:\/\/www.carlsuchy.com\/de\/carl-suchy-sohne-n-press-since\/#primaryimage"},"image":{"@id":"https:\/\/www.carlsuchy.com\/de\/carl-suchy-sohne-n-press-since\/#primaryimage"},"thumbnailUrl":"https:\/\/www.carlsuchy.com\/wp-content\/uploads\/2017\/06\/carl-suchy-soehne-launch-2.jpg","datePublished":"2017-06-19T10:00:51+00:00","dateModified":"2017-06-20T07:53:43+00:00","description":"Carl Suchy &amp; S\u00f6hne &#8211; Since its launch earlier this year, the Waltz N\u00ba1 has found wide acclaim by the national and international media. We are very pleased to present a","breadcrumb":{"@id":"https:\/\/www.carlsuchy.com\/de\/carl-suchy-sohne-n-press-since\/#breadcrumb"},"inLanguage":"de","potentialAction":[{"@type":"ReadAction","target":["https:\/\/www.carlsuchy.com\/de\/carl-suchy-sohne-n-press-since\/"]}]},{"@type":"ImageObject","inLanguage":"de","@id":"https:\/\/www.carlsuchy.com\/de\/carl-suchy-sohne-n-press-since\/#primaryimage","url":"https:\/\/www.carlsuchy.com\/wp-content\/uploads\/2017\/06\/carl-suchy-soehne-launch-2.jpg","contentUrl":"https:\/\/www.carlsuchy.com\/wp-content\/uploads\/2017\/06\/carl-suchy-soehne-launch-2.jpg","width":1200,"height":800},{"@type":"BreadcrumbList","@id":"https:\/\/www.carlsuchy.com\/de\/carl-suchy-sohne-n-press-since\/#breadcrumb","itemListElement":[{"@type":"ListItem","position":1,"name":"Home","item":"https:\/\/www.carlsuchy.com\/de\/"},{"@type":"ListItem","position":2,"name":"CARL SUCHY &#038; S\u00d6HNEIN THE PRESS"}]},{"@type":"WebSite","@id":"https:\/\/www.carlsuchy.com\/de\/#website","url":"https:\/\/www.carlsuchy.com\/de\/","name":"Carl Suchy &amp; S\u00f6hne","description":"","publisher":{"@id":"https:\/\/www.carlsuchy.com\/de\/#organization"},"potentialAction":[{"@type":"SearchAction","target":{"@type":"EntryPoint","urlTemplate":"https:\/\/www.carlsuchy.com\/de\/?s={search_term_string}"},"query-input":{"@type":"PropertyValueSpecification","valueRequired":true,"valueName":"search_term_string"}}],"inLanguage":"de"},{"@type":"Organization","@id":"https:\/\/www.carlsuchy.com\/de\/#organization","name":"Carl Suchy & S\u00f6hne","url":"https:\/\/www.carlsuchy.com\/de\/","logo":{"@type":"ImageObject","inLanguage":"de","@id":"https:\/\/www.carlsuchy.com\/de\/#\/schema\/logo\/image\/","url":"https:\/\/www.carlsuchy.com\/wp-content\/uploads\/2018\/05\/logo.svg","contentUrl":"https:\/\/www.carlsuchy.com\/wp-content\/uploads\/2018\/05\/logo.svg","width":1,"height":1,"caption":"Carl Suchy & S\u00f6hne"},"image":{"@id":"https:\/\/www.carlsuchy.com\/de\/#\/schema\/logo\/image\/"},"sameAs":["https:\/\/www.facebook.com\/carlsuchy\/","https:\/\/www.instagram.com\/carlsuchy\/?hl=de","https:\/\/www.linkedin.com\/company\/carl-suchy-&amp;-s\u00f6hne\/","https:\/\/www.pinterest.de\/carlsuchy1822\/","https:\/\/www.youtube.com\/channel\/UCiaaduvFGuyeWS7ZUOXxGSA"]},{"@type":"Person","@id":"https:\/\/www.carlsuchy.com\/de\/#\/schema\/person\/05f27e0942e759111c4907f28a160669","name":"Rein"}]}},"_links":{"self":[{"href":"https:\/\/www.carlsuchy.com\/de\/wp-json\/wp\/v2\/posts\/913"}],"collection":[{"href":"https:\/\/www.carlsuchy.com\/de\/wp-json\/wp\/v2\/posts"}],"about":[{"href":"https:\/\/www.carlsuchy.com\/de\/wp-json\/wp\/v2\/types\/post"}],"author":[{"embeddable":true,"href":"https:\/\/www.carlsuchy.com\/de\/wp-json\/wp\/v2\/users\/2"}],"replies":[{"embeddable":true,"href":"https:\/\/www.carlsuchy.com\/de\/wp-json\/wp\/v2\/comments?post=913"}],"version-history":[{"count":0,"href":"https:\/\/www.carlsuchy.com\/de\/wp-json\/wp\/v2\/posts\/913\/revisions"}],"wp:featuredmedia":[{"embeddable":true,"href":"https:\/\/www.carlsuchy.com\/de\/wp-json\/wp\/v2\/media\/910"}],"wp:attachment":[{"href":"https:\/\/www.carlsuchy.com\/de\/wp-json\/wp\/v2\/media?parent=913"}],"wp:term":[{"taxonomy":"category","embeddable":true,"href":"https:\/\/www.carlsuchy.com\/de\/wp-json\/wp\/v2\/categories?post=913"},{"taxonomy":"post_tag","embeddable":true,"href":"https:\/\/www.carlsuchy.com\/de\/wp-json\/wp\/v2\/tags?post=913"}],"curies":[{"name":"wp","href":"https:\/\/api.w.org\/{rel}","templated":true}]}}